{"id":19427,"date":"2026-06-09T22:49:59","date_gmt":"2026-06-09T22:49:59","guid":{"rendered":"https:\/\/asisucedegto.mx\/inicio\/?p=19427"},"modified":"2026-06-09T22:50:00","modified_gmt":"2026-06-09T22:50:00","slug":"presentan-campana-contra-el-abuso-sexual-infantil-en-el-marco-del-mundial-en-mexico","status":"publish","type":"post","link":"https:\/\/asisucedegto.mx\/inicio\/presentan-campana-contra-el-abuso-sexual-infantil-en-el-marco-del-mundial-en-mexico\/","title":{"rendered":"Presentan campa\u00f1a contra el abuso sexual infantil en el marco del Mundial en M\u00e9xico"},"content":{"rendered":"\n<p class=\"wp-block-paragraph\"><strong>M\u00e9xico, 9 de Junio de 2026.-<\/strong> Organizaciones civiles, encabezadas por la fundaci\u00f3n Reinserta, presentaron en\u00a0<strong>Ciudad de M\u00e9xico<\/strong>\u00a0una\u00a0<strong>iniciativa<\/strong>\u00a0contra el\u00a0<strong>abuso sexual infantil<\/strong>\u00a0y la trata \u2018Juntos somos VAR: Vemos, Alertamos y Reporta al 089\u2019 en el marco del\u00a0<strong>Mundial 2026<\/strong>.<\/p>\n\n\n\n<p class=\"wp-block-paragraph\">La iniciativa busca convertir la pasi\u00f3n por el futbol en una herramienta de protecci\u00f3n para las&nbsp;<strong>infancias<\/strong>, que seg\u00fan las organizaciones son m\u00e1s&nbsp;<strong>vulnerables<\/strong>&nbsp;durante&nbsp;<strong>grandes eventos<\/strong>&nbsp;como el pr\u00f3ximo Mundial 2026.<\/p>\n\n\n\n<p class=\"wp-block-paragraph\">\u201cEl abuso hacia los menores no desaparece porque estemos celebrando goles\u201d, declar\u00f3 Mercedes Casta\u00f1eda, cofundadora de Reinserta, quien a\u00f1adi\u00f3 que la indiferencia protege a la violencia.<\/p>\n\n\n\n<p class=\"wp-block-paragraph\">La iniciativa incluye informaci\u00f3n para&nbsp;<strong>identificar situaciones<\/strong>&nbsp;<strong>de riesgo<\/strong>&nbsp;y&nbsp;<strong>proteger a los menores<\/strong>&nbsp;en el hogar y otros espacios p\u00fablicos como restaurantes y aeropuertos.<\/p>\n\n\n\n<p class=\"wp-block-paragraph\">Durante la presentaci\u00f3n se proyect\u00f3 una pieza audiovisual que alerta de diferentes situaciones de abuso a menores que pueden pasar desapercibidas durante la celebraci\u00f3n de un partido de futbol.<\/p>\n\n\n\n<p class=\"wp-block-paragraph\">Seg\u00fan datos de Reinserta, en M\u00e9xico&nbsp;<strong>una de cada cuatro ni\u00f1as<\/strong>&nbsp;y&nbsp;<strong>uno de cada seis ni\u00f1os<\/strong>&nbsp;es v\u00edctima de&nbsp;<strong>abuso<\/strong>&nbsp;<strong>sexual<\/strong>, sin embargo, nueve de cada diez delitos de esta \u00edndole no se denuncian.<\/p>\n\n\n\n<p class=\"wp-block-paragraph\">A la presentaci\u00f3n de la campa\u00f1a \u2018VAR\u2019 se unieron abogadas, representantes de la Secretar\u00eda de Seguridad Ciudadana (SSC), v\u00edctimas de abuso sexual durante la infancia y miembros de otras fundaciones que apoyan la causa de Reinserta.<\/p>\n\n\n\n<p class=\"wp-block-paragraph\">Carla Jacinto, sobreviviente de abusos sexuales durante la infancia y trata de personas, afirm\u00f3 que hablar del tema cura y reiter\u00f3 que la indiferencia es \u201cel mayor aliado\u201d de los abusos sexuales.<\/p>\n\n\n\n<p class=\"wp-block-paragraph\">La fundaci\u00f3n naci\u00f3 en el a\u00f1o 2013 y lleva desde entonces acompa\u00f1ando a trav\u00e9s de la atenci\u00f3n integral a ni\u00f1as, ni\u00f1os y adolescentes marcados por la violencia sexual en M\u00e9xico.<\/p>\n\n\n\n<p class=\"wp-block-paragraph\">La campa\u00f1a se present\u00f3 a dos d\u00edas de la inauguraci\u00f3n de la Copa Mundial de Futbol 2026 que dar\u00e1 comienzo con el partido que enfrentar\u00e1 a M\u00e9xico y Sud\u00e1frica en el Estadio Azteca el d\u00eda 11 de junio.<\/p>\n\n\n\n<p class=\"wp-block-paragraph\">En el contexto del Mundial de Futbol 2026, el Gobierno de la capital mexicana ha anunciado un despliegue de m\u00e1s de 50 mil polic\u00edas para garantizar la seguridad de la ciudadan\u00eda durante la celebraci\u00f3n del torneo.<\/p>\n\n\n\n<p class=\"wp-block-paragraph\">Con informaci\u00f3n de EFE<\/p>\n","protected":false},"excerpt":{"rendered":"<p>M\u00e9xico, 9 de Junio de 2026.- Organizaciones civiles, encabezadas por la fundaci\u00f3n Reinserta, presentaron en\u00a0Ciudad de M\u00e9xico\u00a0una\u00a0iniciativa\u00a0contra el\u00a0abuso sexual infantil\u00a0y la trata \u2018Juntos somos VAR: Vemos, Alertamos y Reporta al 089\u2019 en el marco del\u00a0Mundial 2026. La iniciativa busca convertir la pasi\u00f3n por el futbol en una herramienta de protecci\u00f3n para las&nbsp;infancias, que seg\u00fan las [&hellip;]<\/p>\n","protected":false},"author":3,"featured_media":19430,"comment_status":"open","ping_status":"open","sticky":false,"template":"","format":"standard","meta":{"footnotes":""},"categories":[13,4],"tags":[],"class_list":["post-19427","post","type-post","status-publish","format-standard","has-post-thumbnail","hentry","category-nacional","category-noticias"],"_links":{"self":[{"href":"https:\/\/asisucedegto.mx\/inicio\/wp-json\/wp\/v2\/posts\/19427","targetHints":{"allow":["GET"]}}],"collection":[{"href":"https:\/\/asisucedegto.mx\/inicio\/wp-json\/wp\/v2\/posts"}],"about":[{"href":"https:\/\/asisucedegto.mx\/inicio\/wp-json\/wp\/v2\/types\/post"}],"author":[{"embeddable":true,"href":"https:\/\/asisucedegto.mx\/inicio\/wp-json\/wp\/v2\/users\/3"}],"replies":[{"embeddable":true,"href":"https:\/\/asisucedegto.mx\/inicio\/wp-json\/wp\/v2\/comments?post=19427"}],"version-history":[{"count":1,"href":"https:\/\/asisucedegto.mx\/inicio\/wp-json\/wp\/v2\/posts\/19427\/revisions"}],"predecessor-version":[{"id":19431,"href":"https:\/\/asisucedegto.mx\/inicio\/wp-json\/wp\/v2\/posts\/19427\/revisions\/19431"}],"wp:featuredmedia":[{"embeddable":true,"href":"https:\/\/asisucedegto.mx\/inicio\/wp-json\/wp\/v2\/media\/19430"}],"wp:attachment":[{"href":"https:\/\/asisucedegto.mx\/inicio\/wp-json\/wp\/v2\/media?parent=19427"}],"wp:term":[{"taxonomy":"category","embeddable":true,"href":"https:\/\/asisucedegto.mx\/inicio\/wp-json\/wp\/v2\/categories?post=19427"},{"taxonomy":"post_tag","embeddable":true,"href":"https:\/\/asisucedegto.mx\/inicio\/wp-json\/wp\/v2\/tags?post=19427"}],"curies":[{"name":"wp","href":"https:\/\/api.w.org\/{rel}","templated":true}]}}