{"id":19435,"date":"2026-06-09T23:24:22","date_gmt":"2026-06-09T23:24:22","guid":{"rendered":"https:\/\/asisucedegto.mx\/inicio\/?p=19435"},"modified":"2026-06-09T23:24:22","modified_gmt":"2026-06-09T23:24:22","slug":"kenia-lopez-llama-al-dialogo-ante-protestas-y-mundial-mexico-debe-demostrar-que-es-un-pais-de-instituciones","status":"publish","type":"post","link":"https:\/\/asisucedegto.mx\/inicio\/kenia-lopez-llama-al-dialogo-ante-protestas-y-mundial-mexico-debe-demostrar-que-es-un-pais-de-instituciones\/","title":{"rendered":"Kenia L\u00f3pez llama al di\u00e1logo ante protestas y Mundial: \u201cM\u00e9xico debe demostrar que es un pa\u00eds de instituciones\u201d"},"content":{"rendered":"\n<p class=\"wp-block-paragraph\"><strong>Palacio Legislativo de San L\u00e1zaro, a 9 de junio de 2026.-<\/strong> Muchas gracias a todas, a todos por su presencia en esta tarde en la C\u00e1mara de Diputados.<\/p>\n\n\n\n<p class=\"wp-block-paragraph\">En relaci\u00f3n con las movilizaciones anunciadas por diversos grupos sociales, hago un llamado a todas las partes involucradas para privilegiar el di\u00e1logo, la responsabilidad y la b\u00fasqueda de acuerdos.<\/p>\n\n\n\n<p class=\"wp-block-paragraph\">En un momento en el que M\u00e9xico es observado por la comunidad internacional, debemos enviar un mensaje absolutamente claro: Somos un pa\u00eds con instituciones, con vocaci\u00f3n democr\u00e1tica y con capacidad para resolver las diferencias por la v\u00eda pol\u00edtica y por la v\u00eda pac\u00edfica.<\/p>\n\n\n\n<p class=\"wp-block-paragraph\">Reconozco que cada una de las partes puede tener exigencias leg\u00edtimas y preocupaciones que deben ser escuchadas y, sobre todo, atendidas. Precisamente por ello, hoy m\u00e1s que nunca, se debe privilegiar la pol\u00edtica, el entendimiento y la construcci\u00f3n de soluciones que permitan atender los planteamientos sociales sin afectar el desarrollo de un evento de car\u00e1cter internacional como lo es el mundial de f\u00fatbol.<\/p>\n\n\n\n<p class=\"wp-block-paragraph\">El llamado es a todas las partes involucradas a poner a M\u00e9xico por encima de todo. Es momento de demostrar conciliaci\u00f3n para encontrar soluciones que prestigien al pa\u00eds, ya que los ojos del mundo est\u00e1n puestos en nosotros.<\/p>\n\n\n\n<p class=\"wp-block-paragraph\">M\u00e9xico debe demostrar que puede procesar sus diferencias con di\u00e1logo, respeto, institucionalidad y altura de miras.<\/p>\n\n\n\n<p class=\"wp-block-paragraph\">En ese sentido, acompa\u00f1o y reconozco la decisi\u00f3n de recibir apoyo de instancias internacionales como la ONU para atender el tema de las desapariciones en nuestro pa\u00eds.<\/p>\n\n\n\n<p class=\"wp-block-paragraph\">M\u00e9xico enfrenta una crisis de desapariciones e identificaci\u00f3n forense que por su magnitud requiere no s\u00f3lo de esfuerzos nacionales, sino tambi\u00e9n internacionales.<\/p>\n\n\n\n<p class=\"wp-block-paragraph\">De acuerdo con cifras oficiales, actualmente existen 134 mil 874 personas desaparecidas en el pa\u00eds y m\u00e1s de 70 mil cuerpos humanos sin identificar.<\/p>\n\n\n\n<p class=\"wp-block-paragraph\">La cooperaci\u00f3n internacional no debe entenderse como una renuncia a la soberan\u00eda, sino como una herramienta adicional para avanzar hacia la verdad, la justicia y la localizaci\u00f3n de las personas desaparecidas.<\/p>\n\n\n\n<p class=\"wp-block-paragraph\">Desde la C\u00e1mara de Diputados reitero mi disposici\u00f3n a acompa\u00f1ar en el \u00e1mbito de nuestras atribuciones, todo esfuerzo institucional que contribuya a encontrar una soluci\u00f3n responsable, pac\u00edfica y oportuna.<\/p>\n\n\n\n<p class=\"wp-block-paragraph\">Much\u00edsimas gracias.<\/p>\n\n\n\n<p class=\"wp-block-paragraph\">A sus \u00f3rdenes.<\/p>\n\n\n\n<p class=\"wp-block-paragraph\">PREGUNTA.- Doctora Kenia, buenas tardes.<\/p>\n\n\n\n<p class=\"wp-block-paragraph\">Preg\u00fantate, pues el discurso est\u00e1 bonito, que hay que anteponer porque los ojos del mundo nos est\u00e1n viendo y si no nos estuvieran viendo, \u00bfqu\u00e9? Entonces, digo, las demandas se tienen que solucionar, nos vean o no; y pareciera que, por parte del gobierno federal, pues no hay tanta intenci\u00f3n de resolver lo que s\u00ed se puede y lo que no, porque ya les dec\u00eda Rosa y Icela el otro d\u00eda a los maestros que no hay dinero para satisfacer sus demandas.<\/p>\n\n\n\n<p class=\"wp-block-paragraph\">Entonces, si no tienen dinero y lo que quieren hacer, se requiere una cantidad suficiente, entonces, \u00bfcu\u00e1ndo lo van a arreglar?<\/p>\n\n\n\n<p class=\"wp-block-paragraph\">Incluso, hace rato dec\u00eda el presidente de la Comisi\u00f3n de Seguridad Social que en caso de que algo se pudiera resolver, pues necesitar\u00eda reunirse tambi\u00e9n la Comisi\u00f3n de Presupuesto para que vean cu\u00e1nto se<\/p>\n\n\n\n<p class=\"wp-block-paragraph\">canalizar\u00eda en el gasto federal del 2027 los recursos para ver si alcanzan o no. Pero pues esto no se resuelve con discursos.<\/p>\n\n\n\n<p class=\"wp-block-paragraph\">RESPUESTA.- Gracias, querida Margarita, gracias, porque adem\u00e1s tienes absolutamente toda la raz\u00f3n.<\/p>\n\n\n\n<p class=\"wp-block-paragraph\">Hay que hacer lo bueno en lo p\u00fablico, pero tambi\u00e9n en lo privado; hay que hacerlo \u00e9tico cuando te vean, pero tambi\u00e9n cuando no te vean.<\/p>\n\n\n\n<p class=\"wp-block-paragraph\">Y, por supuesto, que el llamado que hacemos hoy es a privilegiar el di\u00e1logo, a encontrar los acuerdos necesarios, porque si bien es cierto, evidentemente hay muchos reclamos totalmente leg\u00edtimos, hoy necesitamos demostrarle al mundo que somos un pa\u00eds de instituciones.<\/p>\n\n\n\n<p class=\"wp-block-paragraph\">Gracias, Margarita.<\/p>\n\n\n\n<p class=\"wp-block-paragraph\">PREGUNTA.- Si, y la segunda es precisamente estos, los bloqueos que ya se est\u00e1n viendo por parte de las polic\u00edas, la de Seguridad Ciudadana, las estatales y, bueno, pues entonces, \u00bfcu\u00e1l va a ser? pues ya ma\u00f1ana se tiene que definir si se bloquean o no para que puedan precisamente desarrollarse este Mundial.<\/p>\n\n\n\n<p class=\"wp-block-paragraph\">Adem\u00e1s, hay que recordar, diputada, t\u00fa est\u00e1s muy jovencita, a lo mejor no te acuerdas, en el 68 reci\u00e9n estaba lo de la masacre, en el 86 estaba lo del terremoto, y no se hab\u00eda visto tanta movilizaci\u00f3n, tanto disgusto de la gente en contra de las autoridades federales, y ahora se est\u00e1 privilegiando el Mundial por encima de los intereses de la poblaci\u00f3n.<\/p>\n\n\n\n<p class=\"wp-block-paragraph\">Muchas gracias.<\/p>\n\n\n\n<p class=\"wp-block-paragraph\">RESPUESTA.- Gracias a ti, querida Margarita, sobre todo por el elogio directo e indirecto. Efectivamente, en el 68 no hab\u00eda nacido, pero en el 86 s\u00ed.<\/p>\n\n\n\n<p class=\"wp-block-paragraph\">Y tienes toda la raz\u00f3n y hay un punto que hay que destacar. Primero, estamos hablando de la necesidad de definir la movilidad para las personas, m\u00e1s all\u00e1 de si son mexicanas o si vienen al Mundial. Por cierto, llama la atenci\u00f3n, entiendo que las cifras que al principio se dieron por los encargados de esta parte gubernamental, la propuesta del Mundial pues era una cifra alt\u00edsima, pareciera que no va a suceder esa llegada de personas al Mundial, pero, de todas maneras, pues s\u00ed habremos de recibir a personas del mundo que vengan a, de entrada, a la inauguraci\u00f3n y a esta ciudad.<\/p>\n\n\n\n<p class=\"wp-block-paragraph\">Y la movilizaci\u00f3n pasa, evidentemente, por un tema, s\u00ed, de los reclamos, pero tambi\u00e9n de la log\u00edstica establecida por las autoridades. Ojal\u00e1 y en lo factible podamos tener certeza de movilidad y de entendimiento de ambas partes. Me refiero a que podamos tener, por parte de las v\u00edas gubernamentales, la mejor log\u00edstica posible.<\/p>\n\n\n\n<p class=\"wp-block-paragraph\">Se han dado ya varios ejercicios para poder saber cu\u00e1les eran las formas id\u00f3neas para que, llev\u00e1ndose a cabo un partido de f\u00fatbol, pues toda la ciudad pudiera estar lo m\u00e1s coordinada posible en positivo.<\/p>\n\n\n\n<p class=\"wp-block-paragraph\">Ojal\u00e1 y se vuelva una realidad.<\/p>\n\n\n\n<p class=\"wp-block-paragraph\">PREGUNTA.- Hace rato en la Comisi\u00f3n de Relaciones Exteriores, el diputado Aniceto Polanco y la diputada Rojo Pimentel denunciaban que en las aduanas se est\u00e1 extorsionando a quienes vienen a M\u00e9xico, bueno, a ellos les toc\u00f3. No dijeron en qu\u00e9 aduanas, sin embargo, pues dice el presidente de la Comisi\u00f3n, Pedro V\u00e1zquez, que bueno, que poco a poco hay que ir desterr\u00e1ndolo, porque esto no desaparece de la noche a la ma\u00f1ana, y la reforma, \u00bfqu\u00e9?<\/p>\n\n\n\n<p class=\"wp-block-paragraph\">RESPUESTA.- Claro, eso tiene que ver con distintas instituciones gubernamentales, evidentemente, en t\u00e9rminos del servicio p\u00fablico y tambi\u00e9n, hay que decirlo, del espacio privado, del servicio privado, de la iniciativa privada. Ojal\u00e1 y demos el mejor rostro posible al mundo en este Mundial.<\/p>\n\n\n\n<p class=\"wp-block-paragraph\">Gracias, Margarita.<\/p>\n\n\n\n<p class=\"wp-block-paragraph\">PREGUNTA.- Gracias, presidenta. Bueno, te tengo tres preguntas y las voy a pedir una por una. Hablas de tener responsabilidades en estas manifestaciones de la CNTE y de lo que va a pasar ante el Mundial, pero la presidenta en el 2000, cuando andaba en campa\u00f1a, se comprometi\u00f3 a derogar la ley del ISSSTE del 2007, pero ahora dice que no hay recursos, que no hay presupuesto, pero si hay presupuesto para m\u00edtines o del huachicol fiscal, que son (inaudible) millones de pesos que se perdieron.<\/p>\n\n\n\n<p class=\"wp-block-paragraph\">Entonces, \u00bfcu\u00e1l es la responsabilidad de la presidenta? Y si con ese recurso se pudiera mejorar lo que los maestros est\u00e1n pidiendo para sus pensiones. Esa ser\u00eda la primera.<\/p>\n\n\n\n<p class=\"wp-block-paragraph\">RESPUESTA.- Bueno, es claro que alrededor de 10 billones, con B, de pesos es el ejercicio del gasto p\u00fablico y siempre, querido Gallo, siempre ser\u00e1 indispensable aspirar a que ese dinero que se recibe del pago de las y los mexicanos que cumplen, que lo mismo pagan impuestos al consumo como impuestos absolutamente, digamos, fijados en sus n\u00f3minas, pues que ese dinero se gaste siempre bien.<\/p>\n\n\n\n<p class=\"wp-block-paragraph\">Y yo, reitero, ese dinero siempre tiene una escala de definiciones que, por cierto, se toman aqu\u00ed, en esta C\u00e1mara. Por eso, lo he dicho, lo dije incluso ayer y lo reitero, los congresos plurales siempre le hacen bien a una naci\u00f3n.<\/p>\n\n\n\n<p class=\"wp-block-paragraph\">PREGUNTA.- S\u00ed, pero entonces \u00bfs\u00ed debe de haber recursos para que cubran las demandas de los maestros?.<\/p>\n\n\n\n<p class=\"wp-block-paragraph\">RESPUESTA.- Pues debe haber recursos para que las demandas de las madres buscadoras, de las personas que est\u00e1n exigiendo hoy en t\u00e9rminos laborales, en t\u00e9rminos sindicales, en t\u00e9rminos incluso de salud, se puedan ponderar y que ese recurso sea ocupado, invertido, no gastado, m\u00e1s bien invertido, en poder encontrar las soluciones a los tantos temas que ocupan a este pa\u00eds.<\/p>\n\n\n\n<p class=\"wp-block-paragraph\">Yo lo dir\u00eda de manera clara, estamos en horas de poder demostrar qu\u00e9 se puede hacer con altura de miras, con visi\u00f3n pol\u00edtica y con visi\u00f3n humana lo mejor posible para que podamos tener el pr\u00f3ximo jueves, s\u00ed, evidentemente, pues reclamos o exigencias, pero sobre todo que podamos demostrarle al mundo que somos un pa\u00eds de instituciones.<\/p>\n\n\n\n<p class=\"wp-block-paragraph\">PREGUNTA.- El otro tema es el PAN y encabezado por Germ\u00e1n Mart\u00ednez, presentaron una queja, un escrito ante la Corte Interamericana sobre cuestiones de lesa humanidad en contra de L\u00f3pez Obrador, pero la presidenta dijo que son hip\u00f3critas, inclusive los dijo que se pusieran a rezar, no s\u00e9 qu\u00e9 tipo de respuesta est\u00e1 dando el Ejecutivo de este tema.<\/p>\n\n\n\n<p class=\"wp-block-paragraph\">RESPUESTA.- Bueno, evidentemente acudir a la Corte Penal Internacional es un derecho que se tiene, que no se le puede escatimar a nadie, para eso est\u00e1n los organismos multilaterales, para eso est\u00e1n estos espacios deliberativos supranacionales.<\/p>\n\n\n\n<p class=\"wp-block-paragraph\">Yo creo que es un ejercicio democr\u00e1tico que ha hecho el partido, integrantes del Partido Acci\u00f3n Nacional, y que por supuesto qu\u00e9 bueno que hay instancias nacionales y tambi\u00e9n internacionales. Es una muestra clara de que el mundo est\u00e1 avanzando y que, si en alg\u00fan momento hay alg\u00fan tipo de objeci\u00f3n por cualquier tema en una naci\u00f3n, en un territorio, pues se pueda acudir, como en este caso, a la Corte.<\/p>\n\n\n\n<p class=\"wp-block-paragraph\">PREGUNTA.- Entonces no se van a poner a rezar.<\/p>\n\n\n\n<p class=\"wp-block-paragraph\">REPUESTA.- Yo rezo todos los d\u00edas, todos los d\u00edas, cuando me despierto y cuando me voy a dormir, porque para m\u00ed es, al contrario, no es un asunto negativo, no s\u00e9 para qui\u00e9n, pero rezar ayuda a clarificar muchos temas. Yo respeto las posiciones, por supuesto, religiosas de cada quien. Yo todos los d\u00edas le pido a Dios para que este pa\u00eds sea mejor.<\/p>\n\n\n\n<p class=\"wp-block-paragraph\">PREGUNTA.- Y finalmente, de mi parte, preguntarte, \u00bfy d\u00f3nde est\u00e1 Rocha? \u00bfLo van a entregar o no lo van a entregar? Y lo mismo con Inzunza. \u00bfPodr\u00e1 seguir cobrando, o sea, se podr\u00e1n seguir en este pa\u00eds as\u00ed estando las cosas, sin ninguna soluci\u00f3n? Gracias.<\/p>\n\n\n\n<p class=\"wp-block-paragraph\">RESPUESTA.- Pues est\u00e1 clara, es una posici\u00f3n, es una definici\u00f3n personal de cada legislador y cada legislador debe ser responsable de sus actos, de lo que dice, de sus expresiones, de sus asistencias o inasistencias.<\/p>\n\n\n\n<p class=\"wp-block-paragraph\">Cada quien responsable ante, lo he dicho, ante su electorado, ante la patria e incluso ante su propia familia, que son los primeros que, creo, a los que tenemos siempre que responder al electorado, porque tienes que salir a la calle y tienes que dar respuestas y a la patria en general, ah\u00ed est\u00e1n las redes sociales.<\/p>\n\n\n\n<p class=\"wp-block-paragraph\">PREGUNTA.- Pero en el caso de Rocha, \u00bftendr\u00e1n que venir por \u00e9l como lo hicieron all\u00e1 en Venezuela con Maduro?<\/p>\n\n\n\n<p class=\"wp-block-paragraph\">RESPUESTA.- Pues esperemos que haya una investigaci\u00f3n objetiva, ojal\u00e1, y lo he dicho y lo reitero, ojal\u00e1, en M\u00e9xico tengamos instancias fiscal\u00edas que puedan hacer investigaciones objetivas m\u00e1s all\u00e1 de partidos pol\u00edticos.<\/p>\n\n\n\n<p class=\"wp-block-paragraph\">PREGUNTA.- Gracias, buena tarde, diputada presidenta, gracias. Muy a prop\u00f3sito del llamado que hiciste al comienzo de esta conferencia de prensa, hoy la presidenta de la Rep\u00fablica en su conferencia ma\u00f1anera afirma que hay grupos de ultraderecha, grupos radicales, que est\u00e1n intentando generar una narrativa de violencia y de caos en el contexto de la inauguraci\u00f3n del Mundial. Asimismo, dice la titular del Ejecutivo, que se equivocan quienes piensan que ella va a reprimir.<\/p>\n\n\n\n<p class=\"wp-block-paragraph\">Entonces, un poco la pregunta es en el sentido de si ves estos ingredientes de generar esta imagen negativa del pa\u00eds en el contexto del Mundial, y, en segundo lugar, si hay un verdadero dilema entre reprimir o imponer el orden en este contexto tambi\u00e9n.<\/p>\n\n\n\n<p class=\"wp-block-paragraph\">RESPUESTA.- Pues yo te dir\u00eda, evocando al cl\u00e1sico, se equivoca quien piensa que el pueblo es tonto. Hay un M\u00e9xico despierto, hay un M\u00e9xico informado, hay un M\u00e9xico que decide fijar posiciones y siempre ese M\u00e9xico ser\u00e1 bueno.<\/p>\n\n\n\n<p class=\"wp-block-paragraph\">PREGUNTA.- Bueno, una segunda pregunta. Ayer nos comentaba el diputado Ricardo Monreal que le iba a pedir a usted pues que interviniera, que velara por el fuero de los legisladores que presuntamente fueron detenidos legisladores de Morena en el estado de Coahuila en el marco de la jornada electoral.<\/p>\n\n\n\n<p class=\"wp-block-paragraph\">Ellos iban, dice Monreal, como observadores y fueron detenidos; sin embargo, el gobernador de Coahuila dice hoy que es una absoluta mentira que hayan sido detenidos los diputados. \u00bfTiene usted conocimiento de este tema? \u00bfLe ha notificado algo? \u00bfHa intervenido usted hasta este momento?<\/p>\n\n\n\n<p class=\"wp-block-paragraph\">RESPUESTA.- Bueno, a ver, por supuesto que es una responsabilidad de la Mesa Directiva velar por los 500 legisladores y, evidentemente, si hay una solicitud formal se las haremos saber. M\u00e1s all\u00e1 de diferencias pol\u00edticas o ideol\u00f3gicas, claramente todos los legisladores merecen ser respetados en sus acciones, todos, como los ciudadanos tambi\u00e9n, por cierto. No podemos pedir lo que no damos.<\/p>\n\n\n\n<p class=\"wp-block-paragraph\">Y si hay una solicitud formal de alg\u00fan legislador de mis 499 compa\u00f1eros a prop\u00f3sito de una situaci\u00f3n que s\u00ed, claro, la hemos hablado, yo se las informar\u00e9.<\/p>\n\n\n\n<p class=\"wp-block-paragraph\">PREGUNTA.- Pero, hasta el momento, \u00bfninguno de estos 15 legisladores ha recurrido a usted?<\/p>\n\n\n\n<p class=\"wp-block-paragraph\">RESPUESTA.- De manera formal, no.<\/p>\n\n\n\n<p class=\"wp-block-paragraph\">PREGUNTA.- Gracias, diputada.<\/p>\n\n\n\n<p class=\"wp-block-paragraph\">RESPUESTA.- A ti, Fer, gracias.<\/p>\n\n\n\n<p class=\"wp-block-paragraph\">PREGUNTA.- Diputada, muy buenas tardes, diputada. Preguntarle a usted, en su calidad de integrante de la facci\u00f3n parlamentaria del PAN, su opini\u00f3n en torno a estos se\u00f1alamientos que hace concretamente Morena de que fue una elecci\u00f3n de Estado en Coahuila, de que hubo, de alguna manera, intimidaci\u00f3n hacia votantes, hacia observadores. \u00bfCu\u00e1l es su punto de vista? Ahora que pr\u00e1cticamente el PRI arras\u00f3, se llev\u00f3 todo, los distritos que estuvieron en disputa.<\/p>\n\n\n\n<p class=\"wp-block-paragraph\">\u00bfCu\u00e1l es su punto de vista? Y, aunado a ello, \u00bfqu\u00e9 va a ocurrir con el blanquiazul all\u00e1 en mi estado de Coahuila? ya sin registro.<\/p>\n\n\n\n<p class=\"wp-block-paragraph\">RESPUESTA.- Bueno, primero que nada, un dem\u00f3crata debe aceptar cuando gana y cuando pierde, cuando las condiciones democr\u00e1ticas est\u00e1n dadas. Eso me parece que tiene que ser requisito sine qua non.<\/p>\n\n\n\n<p class=\"wp-block-paragraph\">Estamos hablando de un estado que es, digamos, relativamente nuevo en t\u00e9rminos de la instauraci\u00f3n de ser una entidad federativa, digamos, cien a\u00f1os, un poco m\u00e1s. Nunca ha cambiado en t\u00e9rminos de siglas, de partidos, siempre ha tenido el mismo partido, incluso en la etapa democr\u00e1tica de los 2000 o despu\u00e9s, siempre ha sido el mismo partido pol\u00edtico el que ha gobernado.<\/p>\n\n\n\n<p class=\"wp-block-paragraph\">Y, evidentemente, tienen derecho a seguir ganando, pues s\u00ed. Eso no lo puedes litigar.<\/p>\n\n\n\n<p class=\"wp-block-paragraph\">Si es necesario que, por supuesto, haya congresos democr\u00e1ticos, desde mi perspectiva, s\u00ed. Le hacen bien los congresos democr\u00e1ticos a un estado, a una naci\u00f3n. Es algo que habremos de trabajar todos los grupos parlamentarios, todos los partidos.<\/p>\n\n\n\n<p class=\"wp-block-paragraph\">Estamos hablando de tres partidos nacionales que, al parecer, van a perder el registro, tres. Estamos hablando del MC, del Verde y del PAN.<\/p>\n\n\n\n<p class=\"wp-block-paragraph\">Entonces, yo dir\u00eda: ojal\u00e1 y podamos encontrar los canales de comunicaci\u00f3n con la ciudadan\u00eda en Coahuila para que a futuro podamos tener un congreso plural, porque desde mi perspectiva, la pluralidad siempre es buena para las familias en M\u00e9xico.<\/p>\n\n\n\n<p class=\"wp-block-paragraph\">PREGUNTA.- \u00bfDesestimar\u00eda usted los se\u00f1alamientos que hace la dirigente nacional de Morena en torno a una supuesta elecci\u00f3n de Estado?<\/p>\n\n\n\n<p class=\"wp-block-paragraph\">RESPUESTA.- Pues no es mi papel calificar, sino m\u00e1s bien, s\u00ed creo que necesitamos encontrar el camino plural para que en Coahuila pueda haber pluralidad democr\u00e1tica.<\/p>\n\n\n\n<p class=\"wp-block-paragraph\">PREGUNTA.- Pudiera ser lo ocurrido en Coahuila, diputada, pues una se\u00f1al de lo que puede ocurrir en el 27, hablando de pr\u00e1cticamente la derrota de Morena en Coahuila, y de que pudieran darse una elecci\u00f3n que ya no gane tan holgadamente como en elecciones anteriores el partido en el gobierno. \u00bfCree usted que puedan todav\u00eda, por un lado, el Partido Acci\u00f3n Nacional y los otros opositores reagruparse para seguir frenando o seguir arrebatando electoralmente hablando posiciones pol\u00edticas a Morena?<\/p>\n\n\n\n<p class=\"wp-block-paragraph\">RESPUESTA.- Pues mira, ayer lo dec\u00edamos, lo bueno es bueno y hay que defenderlo, y no hay que perder nunca en la vida de vista lo que es bueno y lo que es malo, porque cuando pierdes esa l\u00f3gica de reconocer qu\u00e9 es bueno y qu\u00e9 es malo, seguramente las decisiones no son favorables.<\/p>\n\n\n\n<p class=\"wp-block-paragraph\">Y yo espero que no sea una ruta como lo que pas\u00f3 este fin de semana, una ruta a futuro. Yo creo en la pluralidad. Yo espero, m\u00e1s all\u00e1 de qui\u00e9n gane y de si gana o no mi partido o de si pierde o no otro partido, yo espero que este pa\u00eds camine hacia la pluralidad, le hace bien a M\u00e9xico la pluralidad, las visiones distintas, que haya contrapesos.<\/p>\n\n\n\n<p class=\"wp-block-paragraph\">PREGUNTA.- Comentaba en la v\u00edspera el coordinador de los diputados del PRI que lo ocurrido en Coahuila debe ser un motivo de reflexi\u00f3n para el partido guinda, para Morena. \u00bfTomar\u00edan su parte en esta reflexi\u00f3n Acci\u00f3n Nacional, diputada?<\/p>\n\n\n\n<p class=\"wp-block-paragraph\">RESPUESTA.- Todos los partidos estamos obligados a hacer una reflexi\u00f3n. Estamos hablando de un congreso local, estamos hablando de una elecci\u00f3n at\u00edpica, por as\u00ed llamarlo, la \u00fanica en el a\u00f1o, en fin. Pero claro, todos los partidos debemos hacer una reflexi\u00f3n a prop\u00f3sito de lo sucedido, claro. Es m\u00e1s, se hace siempre, incluso cuando ganas.<\/p>\n\n\n\n<p class=\"wp-block-paragraph\">PREGUNTA.- Cambiando de tema diputada. Hablan los maestros de la Coordinadora que se eche bajo la Ley de ISSSTE del 2007. \u00bfSu particular punto de vista, diputada, toda vez que fue impulsada en el gobierno de Felipe Calder\u00f3n, es viable o no es viable, diputada, por un lado? Y por el otro, \u00bfsi ser\u00eda congruente con lo que hoy estamos viviendo y regresar al pasado para ir desechando leyes?<\/p>\n\n\n\n<p class=\"wp-block-paragraph\">RESPUESTA.- Bueno, es una de las distintas exigencias que tiene y es una exigencia que no puede responder una persona. Es m\u00e1s, s\u00ed, un grupo parlamentario mayoritario, pero no una persona en espec\u00edfico.<\/p>\n\n\n\n<p class=\"wp-block-paragraph\">Yo lo que creo es que es tiempo de generar un di\u00e1logo respetuoso y encontrar un punto de coincidencia en donde todos se puedan sentir representados.<\/p>\n\n\n\n<p class=\"wp-block-paragraph\">PREGUNTA.- Y ahora se le suman, digo, en estas marchas que ya han anunciado para ma\u00f1ana agrupaciones de Ayotzinapa. Se dicen padres, no sabemos si son verdaderamente padres o familiares de los<\/p>\n\n\n\n<p class=\"wp-block-paragraph\">j\u00f3venes desaparecidos, pero bueno, con esa bandera llegan a la Ciudad de M\u00e9xico y, sobre todo vienen en otro plan, al menos con lo que ayer se inform\u00f3, se mostr\u00f3 59 artefactos explosivos en esos autobuses.<\/p>\n\n\n\n<p class=\"wp-block-paragraph\">RESPUESTA.- Por eso, yo dec\u00eda al principio de esta conferencia, deben ser respetadas las exigencias, todas, me refiero m\u00e1s all\u00e1 de incluso calificarlas o estigmatizarlas, deben ser respetadas todas, porque nadie se despierta un d\u00eda queriendo llegar a la Ciudad de M\u00e9xico a hacer una marcha de la nada.<\/p>\n\n\n\n<p class=\"wp-block-paragraph\">Evidentemente hay heridas que hay que sanar en este pa\u00eds y tambi\u00e9n es un hecho que hoy tenemos en unas cuantas horas los ojos del mundo puestos en nuestra naci\u00f3n. As\u00ed es que hay que encontrar de manera honorable un punto de coincidencia para que podamos s\u00ed demostrar, y lo digo, lo dije y lo reitero, s\u00ed demostrarle al mundo que somos un pa\u00eds con instituciones, que somos un pa\u00eds de leyes y que somos un pa\u00eds que m\u00e1s all\u00e1 de las diferencias se necesita privilegiar la dignidad de las personas. A prop\u00f3sito de la religi\u00f3n, lo dijo ayer el papa en un discurso que, por cierto, es hist\u00f3rico, dirigido a los pol\u00edticos.<\/p>\n\n\n\n<p class=\"wp-block-paragraph\">PREGUNTA.- El tema de los artefactos explosivos es grave, porque, bueno, de haber ingresado qu\u00e9 iba a ocurrir o qu\u00e9 se puede esperar todav\u00eda con la radicalizaci\u00f3n de posturas en torno a los manifestantes, las movilizaciones.<\/p>\n\n\n\n<p class=\"wp-block-paragraph\">RESPUESTA.- Pues ojal\u00e1 y todos los mexicanos puedan estar seguros, tambi\u00e9n los extranjeros que est\u00e9n en nuestra ciudad puedan estar seguros, podamos tener un sistema legal y podamos tener las instituciones para que garanticen la seguridad de todos quienes asisten a esta ciudad.<\/p>\n\n\n\n<p class=\"wp-block-paragraph\">PREGUNTA.- Por \u00faltimo, diputada, \u00bfes viable fincar responsabilidades a Clara Brugada por los errores cometidos?<\/p>\n\n\n\n<p class=\"wp-block-paragraph\">RESPUESTA.- \u00bfPor el morado?<\/p>\n\n\n\n<p class=\"wp-block-paragraph\">PREGUNTA.- Exactamente. Y luego regresar al amarillo, porque ah\u00ed fueron carretadas de millones de pesos que se fueron y entonces \u00bfa poco va a quedar as\u00ed nada m\u00e1s? Y creo que el Congreso, la C\u00e1mara de Diputados debe exigir cuentas y sobre todo la cuesti\u00f3n de las responsabilidades en las que pudo haber incurrido.<\/p>\n\n\n\n<p class=\"wp-block-paragraph\">tedes saben, evidentemente yo he sido una defensora de los derechos de las mujeres y me encanta el morado, pero tengo claro que no es el morado el color id\u00f3neo para una vialidad.<\/p>\n\n\n\n<p class=\"wp-block-paragraph\">Respeto la posici\u00f3n, porque es otro poder y es una entidad operativa, pero bueno, cada quien habr\u00e1 de ser responsable de sus decisiones.<\/p>\n\n\n\n<p class=\"wp-block-paragraph\">PREGUNTA.- Le agradezco, diputada.<\/p>\n\n\n\n<p class=\"wp-block-paragraph\">RESPUESTA.- Gracias a usted.<\/p>\n\n\n\n<p class=\"wp-block-paragraph\">PREGUNTA.- Diputada, buenas tardes. Usted al principio dijo que como presidenta est\u00e1 dispuesta a coadyuvar desde aqu\u00ed a la soluci\u00f3n de estos conflictos que se est\u00e1n dando. \u00bfDe qu\u00e9 manera, diputada? Y se lo pregunto, porque Morena tiene la mayor\u00eda en el Congreso y si quisiera ya hubieran derogado esta Ley del ISSSTE, eso, por un lado. \u00bfNo ser\u00eda esto un reconocimiento incluso de la propia titular del Ejecutivo, que efectivamente al final de cuentas estuvo bien esta reforma que se aprob\u00f3 en el sexenio de Felipe Calder\u00f3n? Porque bueno, ni siquiera han dicho nada que van a intentar hacerlo, \u00bfno? Eso, por un lado.<\/p>\n\n\n\n<p class=\"wp-block-paragraph\">Por el otro, \u00bfs\u00ed ya recibi\u00f3 de manera formal la notificaci\u00f3n de la renuncia del ahora expriista Erubiel Alonso Que para pasarse a la bancada de Movimiento Ciudadano?<\/p>\n\n\n\n<p class=\"wp-block-paragraph\">Y por \u00faltimo tambi\u00e9n \u00bfpreguntarle si el jueves va a venir aqu\u00ed o tambi\u00e9n, porque ya Monreal dijo que se suspenden actividades, que se puede trabajar a distancia?<\/p>\n\n\n\n<p class=\"wp-block-paragraph\">RESPUESTA.- Muchas gracias. A ver, lo primero. Bueno, por supuesto que este es un espacio deliberativo, este es un poder del Estado mexicano, este es un poder de 500 legisladores en la C\u00e1mara de Diputados y no debemos renunciar a nuestras facultades.<\/p>\n\n\n\n<p class=\"wp-block-paragraph\">Claramente si hay algo que toque resolver en t\u00e9rminos legales a prop\u00f3sito de las exigencias que se est\u00e1n dando en medio del Mundial de F\u00fatbol, la C\u00e1mara de Diputados debe reaccionar en consecuencia.<\/p>\n\n\n\n<p class=\"wp-block-paragraph\">Si hay que trabajar, construir una iniciativa, un dictamen, una ley que permita darle a los ciudadanos certezas laborales, certezas de seguridad, certezas econ\u00f3micas, evidentemente esta C\u00e1mara de Diputados est\u00e1 obligada a hacerlo, para eso nos pagan y para eso los ciudadanos votaron por 500 legisladores de todos los partidos pol\u00edticos.<\/p>\n\n\n\n<p class=\"wp-block-paragraph\">No he recibido de manera formal alg\u00fan tipo de solicitud. En realidad, puede no llegar, digamos, no se requiere, el diputado habr\u00e1 de hacerlo en t\u00e9rminos m\u00e1s bien no de la C\u00e1mara, no del Pleno, sino de los grupos parlamentarios y esa, como ustedes perfectamente saben, ser\u00e1 una decisi\u00f3n y adem\u00e1s tendr\u00e1 que ser notificada a la Junta de Coordinaci\u00f3n Pol\u00edtica en t\u00e9rminos de los grupos parlamentarios.<\/p>\n\n\n\n<p class=\"wp-block-paragraph\">PREGUNTA.- Oiga, diputada, lo que le preguntaba, de esta negativa de Morena de derogar, \u00bfes un reconocimiento a que estuvo bien esta reforma que se aprob\u00f3 en el sexenio de Felipe Calder\u00f3n?<\/p>\n\n\n\n<p class=\"wp-block-paragraph\">RESPUESTA.- Claramente es una discusi\u00f3n, esta reforma a la ley del ISSSTE es una discusi\u00f3n hist\u00f3rica que se ha tenido incluso desde esa \u00e9poca. Yo no quiero politizar a prop\u00f3sito ni generar una defensa ultranza. Lo que es una realidad es que no hay una iniciativa que se discute, no hay una propuesta que est\u00e9 discuti\u00e9ndose en esa materia y, eso significa que, si en alg\u00fan momento eso sucede, pues aqu\u00ed debe estar la C\u00e1mara de Diputados para trabajar.<\/p>\n\n\n\n<p class=\"wp-block-paragraph\">Y lo \u00faltimo a prop\u00f3sito del f\u00fatbol, \u00bfverdad?, del Mundial, del jueves. Bueno, a ver, no he definido en d\u00f3nde voy a ver el partido del Mundial, la inauguraci\u00f3n, el partido. No he definido si lo har\u00e9 aqu\u00ed en mi oficina o si lo har\u00e9 con mi familia.<\/p>\n\n\n\n<p class=\"wp-block-paragraph\">Lo que s\u00ed tengo absolutamente claro es que no ir\u00e9 al estadio, as\u00ed es que 134 millones de mexicanos como yo estar\u00e1n en un espacio seguramente de concordia, ya sea laboral o familiar, y a todos ellos les deseo por supuesto que haya un gran d\u00eda, una gran inauguraci\u00f3n y que, por supuesto, gane M\u00e9xico. Much\u00edsimas gracias.<\/p>\n\n\n\n<p class=\"wp-block-paragraph\">PREGUNTA.- \u00bfPero a los trabajadores ya les avisaron que no vienen?<\/p>\n\n\n\n<p class=\"wp-block-paragraph\">RESPUESTA.- Es que en realidad, s\u00ed va a haber trabajo a distancia, o sea, no es que vamos a cerrar las puertas de la C\u00e1mara, ni mucho menos. En t\u00e9rminos de los trabajadores, los administrativos de la C\u00e1mara van a poder trabajar a distancia, pero s\u00ed habr\u00e1 trabajo.<\/p>\n\n\n\n<p class=\"wp-block-paragraph\">Si alguien desea venir, pues estas puertas estar\u00e1n absolutamente abiertas. Esta C\u00e1mara de Diputados es un espacio plural, abierto al pueblo de M\u00e9xico y, por supuesto, incluso a quienes aqu\u00ed trabajan, si por algo necesitan venir porque est\u00e1n haciendo alg\u00fan tipo de trabajo indispensable, podr\u00e1n venir. S\u00ed se est\u00e1 buscando que sea trabajar a distancia, pero s\u00ed trabajar.<\/p>\n\n\n\n<p class=\"wp-block-paragraph\">PREGUNTA.- \u00bfCu\u00e1l marcador, diputada?, \u00bfcu\u00e1l es su marcador para el partido?<\/p>\n\n\n\n<p class=\"wp-block-paragraph\">RESPUESTA.- \u00bfCu\u00e1l es mi marcador? Ayer dije 2-0. \u00bfC\u00f3mo ven?<\/p>\n\n\n\n<p class=\"wp-block-paragraph\">PREGUNTA.- S\u00ed.<\/p>\n\n\n\n<p class=\"wp-block-paragraph\">RESPUESTA.- S\u00ed, les parece 2-0 a favor de M\u00e9xico. Muy bien, veremos. No hagan quinielas, por favor. Muchas gracias. Que tengan la mejor de las tardes.<\/p>\n","protected":false},"excerpt":{"rendered":"<p>Palacio Legislativo de San L\u00e1zaro, a 9 de junio de 2026.- Muchas gracias a todas, a todos por su presencia en esta tarde en la C\u00e1mara de Diputados. En relaci\u00f3n con las movilizaciones anunciadas por diversos grupos sociales, hago un llamado a todas las partes involucradas para privilegiar el di\u00e1logo, la responsabilidad y la b\u00fasqueda [&hellip;]<\/p>\n","protected":false},"author":3,"featured_media":19436,"comment_status":"open","ping_status":"open","sticky":false,"template":"","format":"standard","meta":{"footnotes":""},"categories":[5,4],"tags":[],"class_list":["post-19435","post","type-post","status-publish","format-standard","has-post-thumbnail","hentry","category-internacional","category-noticias"],"_links":{"self":[{"href":"https:\/\/asisucedegto.mx\/inicio\/wp-json\/wp\/v2\/posts\/19435","targetHints":{"allow":["GET"]}}],"collection":[{"href":"https:\/\/asisucedegto.mx\/inicio\/wp-json\/wp\/v2\/posts"}],"about":[{"href":"https:\/\/asisucedegto.mx\/inicio\/wp-json\/wp\/v2\/types\/post"}],"author":[{"embeddable":true,"href":"https:\/\/asisucedegto.mx\/inicio\/wp-json\/wp\/v2\/users\/3"}],"replies":[{"embeddable":true,"href":"https:\/\/asisucedegto.mx\/inicio\/wp-json\/wp\/v2\/comments?post=19435"}],"version-history":[{"count":1,"href":"https:\/\/asisucedegto.mx\/inicio\/wp-json\/wp\/v2\/posts\/19435\/revisions"}],"predecessor-version":[{"id":19437,"href":"https:\/\/asisucedegto.mx\/inicio\/wp-json\/wp\/v2\/posts\/19435\/revisions\/19437"}],"wp:featuredmedia":[{"embeddable":true,"href":"https:\/\/asisucedegto.mx\/inicio\/wp-json\/wp\/v2\/media\/19436"}],"wp:attachment":[{"href":"https:\/\/asisucedegto.mx\/inicio\/wp-json\/wp\/v2\/media?parent=19435"}],"wp:term":[{"taxonomy":"category","embeddable":true,"href":"https:\/\/asisucedegto.mx\/inicio\/wp-json\/wp\/v2\/categories?post=19435"},{"taxonomy":"post_tag","embeddable":true,"href":"https:\/\/asisucedegto.mx\/inicio\/wp-json\/wp\/v2\/tags?post=19435"}],"curies":[{"name":"wp","href":"https:\/\/api.w.org\/{rel}","templated":true}]}}