{"id":21480,"date":"2026-08-07T19:26:12","date_gmt":"2026-08-07T19:26:12","guid":{"rendered":"https:\/\/asisucedegto.mx\/inicio\/?p=21480"},"modified":"2026-08-07T19:26:13","modified_gmt":"2026-08-07T19:26:13","slug":"sentencian-a-10-anos-de-prision-a-dos-hombres-por-homicidio-en-irapuato","status":"publish","type":"post","link":"https:\/\/asisucedegto.mx\/inicio\/sentencian-a-10-anos-de-prision-a-dos-hombres-por-homicidio-en-irapuato\/","title":{"rendered":"Sentencian a 10 a\u00f1os de prisi\u00f3n a dos hombres por homicidio en Irapuato"},"content":{"rendered":"\n<p class=\"wp-block-paragraph\"><strong>Irapuato, Gto., 7 de agosto de 2026. <\/strong>La noche del 21 de mayo de 2022, un hombre fue privado de la vida por disparos<br>de arma de fuego en la comunidad de San Francisco de la Charca, en el municipio<br>de Irapuato.<br><\/p>\n\n\n\n<p class=\"wp-block-paragraph\">Tras estos hechos, la Fiscal\u00eda General del Estado de Guanajuato inici\u00f3 una investigaci\u00f3n que permiti\u00f3 esclarecer el crimen, identificar a los responsables y obtener las \u00f3rdenes de aprehensi\u00f3n necesarias para detenerlos y presentarlos<br>ante la autoridad judicial.<\/p>\n\n\n\n<p class=\"wp-block-paragraph\">Durante la audiencia de individualizaci\u00f3n de sanciones, el Ministerio P\u00fablico sostuvo la acusaci\u00f3n con pruebas s\u00f3lidas que demostraron la participaci\u00f3n de los imputados en el ataque. Como resultado de este proceso penal, el \u00f3rgano<br>jurisdiccional dict\u00f3 una sentencia condenatoria en contra de FRANCISCO ALBERTO \u201cN\u201d y JUAN \u201cN\u201d, al acreditar su responsabilidad en el delito de homicidio.<\/p>\n\n\n\n<p class=\"wp-block-paragraph\">El juez impuso una pena de 10 a\u00f1os de prisi\u00f3n para cada uno, sin la posibilidad de obtener beneficios o sustitutivos de la pena. <\/p>\n\n\n\n<p class=\"wp-block-paragraph\">Asimismo, la resoluci\u00f3n establece que ambos sentenciados pierden temporalmente sus derechos pol\u00edtico electorales y quedan obligados a pagar una multa y la indemnizaci\u00f3n por reparaci\u00f3n del da\u00f1o por concepto de gastos funerarios<\/p>\n","protected":false},"excerpt":{"rendered":"<p>Irapuato, Gto., 7 de agosto de 2026. La noche del 21 de mayo de 2022, un hombre fue privado de la vida por disparosde arma de fuego en la comunidad de San Francisco de la Charca, en el municipiode Irapuato. Tras estos hechos, la Fiscal\u00eda General del Estado de Guanajuato inici\u00f3 una investigaci\u00f3n que permiti\u00f3 [&hellip;]<\/p>\n","protected":false},"author":3,"featured_media":21481,"comment_status":"open","ping_status":"open","sticky":false,"template":"","format":"standard","meta":{"footnotes":""},"categories":[4,8,10],"tags":[],"class_list":["post-21480","post","type-post","status-publish","format-standard","has-post-thumbnail","hentry","category-noticias","category-otrosmunicipios","category-seguridad"],"_links":{"self":[{"href":"https:\/\/asisucedegto.mx\/inicio\/wp-json\/wp\/v2\/posts\/21480","targetHints":{"allow":["GET"]}}],"collection":[{"href":"https:\/\/asisucedegto.mx\/inicio\/wp-json\/wp\/v2\/posts"}],"about":[{"href":"https:\/\/asisucedegto.mx\/inicio\/wp-json\/wp\/v2\/types\/post"}],"author":[{"embeddable":true,"href":"https:\/\/asisucedegto.mx\/inicio\/wp-json\/wp\/v2\/users\/3"}],"replies":[{"embeddable":true,"href":"https:\/\/asisucedegto.mx\/inicio\/wp-json\/wp\/v2\/comments?post=21480"}],"version-history":[{"count":1,"href":"https:\/\/asisucedegto.mx\/inicio\/wp-json\/wp\/v2\/posts\/21480\/revisions"}],"predecessor-version":[{"id":21482,"href":"https:\/\/asisucedegto.mx\/inicio\/wp-json\/wp\/v2\/posts\/21480\/revisions\/21482"}],"wp:featuredmedia":[{"embeddable":true,"href":"https:\/\/asisucedegto.mx\/inicio\/wp-json\/wp\/v2\/media\/21481"}],"wp:attachment":[{"href":"https:\/\/asisucedegto.mx\/inicio\/wp-json\/wp\/v2\/media?parent=21480"}],"wp:term":[{"taxonomy":"category","embeddable":true,"href":"https:\/\/asisucedegto.mx\/inicio\/wp-json\/wp\/v2\/categories?post=21480"},{"taxonomy":"post_tag","embeddable":true,"href":"https:\/\/asisucedegto.mx\/inicio\/wp-json\/wp\/v2\/tags?post=21480"}],"curies":[{"name":"wp","href":"https:\/\/api.w.org\/{rel}","templated":true}]}}