{"id":21484,"date":"2026-08-07T20:22:04","date_gmt":"2026-08-07T20:22:04","guid":{"rendered":"https:\/\/asisucedegto.mx\/inicio\/?p=21484"},"modified":"2026-08-07T20:22:04","modified_gmt":"2026-08-07T20:22:04","slug":"hombre-es-atacado-con-arma-blanca-cuando-salia-su-casa-en-la-colonia-ejidal","status":"publish","type":"post","link":"https:\/\/asisucedegto.mx\/inicio\/hombre-es-atacado-con-arma-blanca-cuando-salia-su-casa-en-la-colonia-ejidal\/","title":{"rendered":"Hombre es atacado con arma blanca cuando sal\u00eda su casa en la colonia Ejidal"},"content":{"rendered":"\n<p class=\"wp-block-paragraph\"><strong>Celaya, Gto., 7 de agosto de 2026.<\/strong> &#8211; Lo que ser\u00eda el inicio de una jornada laboral termin\u00f3 en una agresi\u00f3n para un hombre de aproximadamente 50 a\u00f1os, quien no alcanz\u00f3 a llegar a su trabajo luego de ser atacado con un arma blanca cuando sal\u00eda de su domicilio, en la colonia Ejidal.<\/p>\n\n\n\n<p class=\"wp-block-paragraph\">El hecho gener\u00f3 una movilizaci\u00f3n de elementos policiacos y cuerpos de emergencia tras recibirse un reporte a trav\u00e9s de la l\u00ednea 911, que alertaba sobre una persona lesionada en la calle Ejido de Galvanes.<\/p>\n\n\n\n<p class=\"wp-block-paragraph\">Al arribar, los uniformados y param\u00e9dicos localizaron al hombre cerca de la iglesia Bautista Monte Horeb. Presentaba heridas en la espalda, por lo que recibi\u00f3 atenci\u00f3n m\u00e9dica y posteriormente fue trasladado para recibir una valoraci\u00f3n especializada.<\/p>\n\n\n\n<p class=\"wp-block-paragraph\">De manera preliminar se estableci\u00f3 que la v\u00edctima se dirig\u00eda a laborar cuando fue interceptada por un sujeto que viajaba en bicicleta. El individuo habr\u00eda sacado un arma blanca para agredirlo y, una vez cometido el ataque, huy\u00f3 del lugar sin que se conociera su paradero.<\/p>\n\n\n\n<p class=\"wp-block-paragraph\">La zona fue acordonada para permitir el desarrollo de las diligencias. Durante la inspecci\u00f3n, autoridades localizaron una bicicleta y el arma blanca que presuntamente habr\u00eda sido utilizada en la agresi\u00f3n, objetos que fueron asegurados como parte de los indicios del caso.<\/p>\n\n\n\n<p class=\"wp-block-paragraph\"><\/p>\n","protected":false},"excerpt":{"rendered":"<p>Celaya, Gto., 7 de agosto de 2026. &#8211; Lo que ser\u00eda el inicio de una jornada laboral termin\u00f3 en una agresi\u00f3n para un hombre de aproximadamente 50 a\u00f1os, quien no alcanz\u00f3 a llegar a su trabajo luego de ser atacado con un arma blanca cuando sal\u00eda de su domicilio, en la colonia Ejidal. El hecho [&hellip;]<\/p>\n","protected":false},"author":3,"featured_media":21485,"comment_status":"open","ping_status":"open","sticky":false,"template":"","format":"standard","meta":{"footnotes":""},"categories":[7,4,10],"tags":[],"class_list":["post-21484","post","type-post","status-publish","format-standard","has-post-thumbnail","hentry","category-celaya","category-noticias","category-seguridad"],"_links":{"self":[{"href":"https:\/\/asisucedegto.mx\/inicio\/wp-json\/wp\/v2\/posts\/21484","targetHints":{"allow":["GET"]}}],"collection":[{"href":"https:\/\/asisucedegto.mx\/inicio\/wp-json\/wp\/v2\/posts"}],"about":[{"href":"https:\/\/asisucedegto.mx\/inicio\/wp-json\/wp\/v2\/types\/post"}],"author":[{"embeddable":true,"href":"https:\/\/asisucedegto.mx\/inicio\/wp-json\/wp\/v2\/users\/3"}],"replies":[{"embeddable":true,"href":"https:\/\/asisucedegto.mx\/inicio\/wp-json\/wp\/v2\/comments?post=21484"}],"version-history":[{"count":1,"href":"https:\/\/asisucedegto.mx\/inicio\/wp-json\/wp\/v2\/posts\/21484\/revisions"}],"predecessor-version":[{"id":21486,"href":"https:\/\/asisucedegto.mx\/inicio\/wp-json\/wp\/v2\/posts\/21484\/revisions\/21486"}],"wp:featuredmedia":[{"embeddable":true,"href":"https:\/\/asisucedegto.mx\/inicio\/wp-json\/wp\/v2\/media\/21485"}],"wp:attachment":[{"href":"https:\/\/asisucedegto.mx\/inicio\/wp-json\/wp\/v2\/media?parent=21484"}],"wp:term":[{"taxonomy":"category","embeddable":true,"href":"https:\/\/asisucedegto.mx\/inicio\/wp-json\/wp\/v2\/categories?post=21484"},{"taxonomy":"post_tag","embeddable":true,"href":"https:\/\/asisucedegto.mx\/inicio\/wp-json\/wp\/v2\/tags?post=21484"}],"curies":[{"name":"wp","href":"https:\/\/api.w.org\/{rel}","templated":true}]}}