{"id":21490,"date":"2026-08-07T21:32:58","date_gmt":"2026-08-07T21:32:58","guid":{"rendered":"https:\/\/asisucedegto.mx\/inicio\/?p=21490"},"modified":"2026-08-07T21:32:58","modified_gmt":"2026-08-07T21:32:58","slug":"guanajuato-no-se-entenderia-sin-sus-pueblos-indigenas-gobernadora-reconoce-legado-cultural","status":"publish","type":"post","link":"https:\/\/asisucedegto.mx\/inicio\/guanajuato-no-se-entenderia-sin-sus-pueblos-indigenas-gobernadora-reconoce-legado-cultural\/","title":{"rendered":"\u201cGuanajuato no se entender\u00eda sin sus pueblos ind\u00edgenas\u201d: Gobernadora reconoce legado cultural"},"content":{"rendered":"\n<p class=\"wp-block-paragraph\"><strong>Apaseo el Alto, Gto. 07 de agosto de 2026.- <\/strong>La Gobernadora de la Gente, Libia Dennise Garc\u00eda Mu\u00f1oz Ledo, encabez\u00f3 la conmemoraci\u00f3n del D\u00eda Internacional de los Pueblos Ind\u00edgenas, y reconoci\u00f3 su diversidad, cultura y derechos.<\/p>\n\n\n\n<p class=\"wp-block-paragraph\">\u201cGracias por su fuerza, por su valent\u00eda, por ser ese orgullo que da sustento a la historia de nuestro estado. Tengan claro que Guanajuato no se entender\u00eda sin su Pueblos Ind\u00edgenas, tengamos siempre presente que todas y todos nosotros venimos de esa gran historia, de ese gran legado\u201d, expres\u00f3 la Mandataria Estatal en la conmemoraci\u00f3n realizada, en San Bartolom\u00e9 Aguas Calientes, Apaseo el Alto.<\/p>\n\n\n\n<p class=\"wp-block-paragraph\">Los grupos participantes en este evento compartieron rituales, danzas, artesan\u00edas, gastronom\u00eda, medicina tradicional y expresiones art\u00edsticas que mantienen viva la memoria de las comunidades.<\/p>\n\n\n\n<p class=\"wp-block-paragraph\">El D\u00eda Internacional de los Pueblos Ind\u00edgenas se conmemora cada 9 de agosto, a partir de una resoluci\u00f3n aprobada por la Asamblea General de las ONU en 1994, y en el marco de esta conmemoraci\u00f3n, la Gobernadora entreg\u00f3 10 constancias a nuevas comunidades inscritas en el padr\u00f3n estatal, como un acto de justicia hist\u00f3rica y reivindicaci\u00f3n de su riqueza cultural.<\/p>\n\n\n\n<p class=\"wp-block-paragraph\">Estas comunidades son: San Agust\u00edn, de Comonfort; Urireo, de Salvatierra; Pur\u00edsima Cerro Grande, de San Luis de la Paz; Don Francisco, San Mart\u00edn de la Petaca y Tierra Blanca de Abajo, de SMA; El Xoconostle, Fracci\u00f3n de Guadalupe, Pe\u00f1a de Cieneguilla y Pe\u00f1a Blanca Dos, en Tierra Blanca.<\/p>\n\n\n\n<p class=\"wp-block-paragraph\">Estas comunidades se suman al Padr\u00f3n Estatal que reconoce 96 comunidades ind\u00edgenas en 13 municipios (Apaseo el Alto, Atarjea, Comonfort, Dolores Hidalgo, C.I.N., Tierra Blanca, Salvatierra, San Luis de la Paz, San Miguel de Allende, Santa Catarina, Valle de Santiago, Victoria, Villagr\u00e1n y Xich\u00fa) donde habitan alrededor de 75 mil personas.<\/p>\n\n\n\n<p class=\"wp-block-paragraph\">Guanajuato no podr\u00eda entenderse sin sus pueblos ind\u00edgenas, la hospitalidad, el trabajo y el sentido comunitario del pueblo otom\u00ed o h\u00f1\u00f6h\u00f1\u00f6, as\u00ed como la fortaleza y el esp\u00edritu del pueblo chichimeca \u00e9zar o jonaz, forman parte esencial de la identidad guanajuatense.<\/p>\n\n\n\n<p class=\"wp-block-paragraph\">Tras 12 a\u00f1os sin modificaciones al Padr\u00f3n, en 2026 se impuls\u00f3 su actualizaci\u00f3n y se convoc\u00f3 a comunidades ind\u00edgenas y afromexicanas a solicitar su registro mediante un procedimiento respetuoso de la autoadscripci\u00f3n y la libre determinaci\u00f3n.<\/p>\n\n\n\n<p class=\"wp-block-paragraph\">Adem\u00e1s, la Gobernadora Libia Dennise, anunci\u00f3 que este a\u00f1o se construir\u00e1 la Unidad M\u00e9dica de Atenci\u00f3n Primaria a la Salud (UMAPS) en San Bartolom\u00e9 Aguas Calientes (lugar del evento) en el municipio de Apaseo El Alto, con una inversi\u00f3n de 24.8 millones de pesos en infraestructura, y 2.3 millones de pesos en equipamiento.<\/p>\n\n\n\n<p class=\"wp-block-paragraph\">\u201cNo solamente hay que respetarlos, hay que preservarlos para las futuras generaciones, hay que sentirnos orgullosos de su legado. Como Gobernadora me sumo, no solamente a esta conmemoraci\u00f3n, sino a este respeto que sentimos en Guanajuato por nuestros adultos mayores, por nuestras mujeres y hombres de nuestros Pueblos Ind\u00edgenas, que llenan de orgullo a Guanajuato\u201d, concluy\u00f3 la Gobernadora.<\/p>\n\n\n\n<p class=\"wp-block-paragraph\">En este evento estuvo presente Montserrat Mendoza Cano, Presidenta Municipal de Apaseo el Alto; Liz Esparza Frausto, Secretaria de Derechos Humanos; Santiago de Jes\u00fas Nieves Mendoza, Presidente del Consejo Estatal Ind\u00edgena; Sarai N\u00fa\u00f1ez Cer\u00f3n, Subsecretar\u00eda de Atenci\u00f3n a Pueblos y Comunidades Ind\u00edgenas y Personas Afromexicanas; Jorge Daniel Jim\u00e9nez Lona, Secretario de Gobierno; Presidentes y Presidentas Municipales, as\u00ed como integrantes del Gabinete de la Gente. Dame t\u00edtulos period\u00edsticos&nbsp;<\/p>\n","protected":false},"excerpt":{"rendered":"<p>Apaseo el Alto, Gto. 07 de agosto de 2026.- La Gobernadora de la Gente, Libia Dennise Garc\u00eda Mu\u00f1oz Ledo, encabez\u00f3 la conmemoraci\u00f3n del D\u00eda Internacional de los Pueblos Ind\u00edgenas, y reconoci\u00f3 su diversidad, cultura y derechos. \u201cGracias por su fuerza, por su valent\u00eda, por ser ese orgullo que da sustento a la historia de nuestro [&hellip;]<\/p>\n","protected":false},"author":3,"featured_media":21491,"comment_status":"open","ping_status":"open","sticky":false,"template":"","format":"standard","meta":{"footnotes":""},"categories":[11,4],"tags":[],"class_list":["post-21490","post","type-post","status-publish","format-standard","has-post-thumbnail","hentry","category-estado","category-noticias"],"_links":{"self":[{"href":"https:\/\/asisucedegto.mx\/inicio\/wp-json\/wp\/v2\/posts\/21490","targetHints":{"allow":["GET"]}}],"collection":[{"href":"https:\/\/asisucedegto.mx\/inicio\/wp-json\/wp\/v2\/posts"}],"about":[{"href":"https:\/\/asisucedegto.mx\/inicio\/wp-json\/wp\/v2\/types\/post"}],"author":[{"embeddable":true,"href":"https:\/\/asisucedegto.mx\/inicio\/wp-json\/wp\/v2\/users\/3"}],"replies":[{"embeddable":true,"href":"https:\/\/asisucedegto.mx\/inicio\/wp-json\/wp\/v2\/comments?post=21490"}],"version-history":[{"count":1,"href":"https:\/\/asisucedegto.mx\/inicio\/wp-json\/wp\/v2\/posts\/21490\/revisions"}],"predecessor-version":[{"id":21492,"href":"https:\/\/asisucedegto.mx\/inicio\/wp-json\/wp\/v2\/posts\/21490\/revisions\/21492"}],"wp:featuredmedia":[{"embeddable":true,"href":"https:\/\/asisucedegto.mx\/inicio\/wp-json\/wp\/v2\/media\/21491"}],"wp:attachment":[{"href":"https:\/\/asisucedegto.mx\/inicio\/wp-json\/wp\/v2\/media?parent=21490"}],"wp:term":[{"taxonomy":"category","embeddable":true,"href":"https:\/\/asisucedegto.mx\/inicio\/wp-json\/wp\/v2\/categories?post=21490"},{"taxonomy":"post_tag","embeddable":true,"href":"https:\/\/asisucedegto.mx\/inicio\/wp-json\/wp\/v2\/tags?post=21490"}],"curies":[{"name":"wp","href":"https:\/\/api.w.org\/{rel}","templated":true}]}}