{"id":21499,"date":"2026-08-10T13:31:15","date_gmt":"2026-08-10T13:31:15","guid":{"rendered":"https:\/\/asisucedegto.mx\/inicio\/?p=21499"},"modified":"2026-08-10T13:31:15","modified_gmt":"2026-08-10T13:31:15","slug":"sentencian-a-28-anos-y-6-meses-de-prision-a-el-patranas-por-homicidio-en-irapuato","status":"publish","type":"post","link":"https:\/\/asisucedegto.mx\/inicio\/sentencian-a-28-anos-y-6-meses-de-prision-a-el-patranas-por-homicidio-en-irapuato\/","title":{"rendered":"Sentencian a 28 a\u00f1os y 6 meses de prisi\u00f3n a \u201cEl Patra\u00f1as\u201d por homicidio en Irapuato"},"content":{"rendered":"\n<p class=\"wp-block-paragraph\"><strong>Irapuato, Gto., 10 de agosto del 2026.<\/strong> La Fiscal\u00eda General del Estado de Guanajuato obtuvo una sentencia condenatoria de 28 a\u00f1os y 6 meses de prisi\u00f3n en contra de JOS\u00c9 ALFONSO \u201cN\u201d, alias \u00abel patra\u00f1as\u00bb, al acreditar su responsabilidad en los delitos de homicidio calificado y homicidio en grado de tentativa, derivados de una agresi\u00f3n con arma de fuego ocurrida en el municipio de Irapuato.<br><br>El trabajo de investigaci\u00f3n desarrollado por un agente Ministerio P\u00fablico, en coordinaci\u00f3n con agentes de Investigaci\u00f3n Criminal y peritos forenses, permiti\u00f3 reunir elementos de prueba contundentes que demostraron la participaci\u00f3n del ahora sentenciado en los hechos registrados el 26 de diciembre de 2024, alrededor de las 19:36 horas, en un \u00e1rea de esparcimiento ubicada sobre el andador Cristo Rey, en la colonia San Miguelito.<br><br>La indagatoria estableci\u00f3 que las v\u00edctimas conviv\u00edan en dicho lugar cuando JOS\u00c9 ALFONSO \u201cN\u201d lleg\u00f3 al lugar a bordo de una motocicleta de la cual descendi\u00f3 portando un arma de fuego, camin\u00f3 hacia donde se encontraban y abri\u00f3 fuego. Durante el ataque, uno de los ofendidos intent\u00f3 ponerse a salvo, pero tambi\u00e9n fue alcanzado por los disparos. El agresor abord\u00f3 nuevamente la motocicleta para huir del sitio.<br><br>Como consecuencia de la agresi\u00f3n, un persona del sexo masculino perdi\u00f3 la vida en el lugar, y otro sobrevivi\u00f3 con lesiones provocadas por proyectiles de arma de fuego.<br><br>Durante la audiencia de procedimiento abreviado, la autoridad judicial dict\u00f3 sentencia condenatoria en contra de JOS\u00c9 ALFONSO \u201cN\u201d, imponi\u00e9ndole una pena de 18 a\u00f1os y 6 meses de prisi\u00f3n por el delito de homicidio calificado y 10 a\u00f1os de prisi\u00f3n por el delito de homicidio calificado en grado de tentativa, para un total de 28 a\u00f1os y 6 meses de prisi\u00f3n.<br><br>Adem\u00e1s, el sentenciado deber\u00e1 cubrir una multa. El \u00f3rgano jurisdiccional neg\u00f3 cualquier beneficio o sustitutivo de la pena, orden\u00f3 la suspensi\u00f3n de sus derechos pol\u00edtico-electorales durante el tiempo que permanezca privado de la libertad y lo conden\u00f3 al pago de la reparaci\u00f3n del da\u00f1o por concepto de indemnizaci\u00f3n por muerte y por gastos funerarios.<\/p>\n","protected":false},"excerpt":{"rendered":"<p>Irapuato, Gto., 10 de agosto del 2026. La Fiscal\u00eda General del Estado de Guanajuato obtuvo una sentencia condenatoria de 28 a\u00f1os y 6 meses de prisi\u00f3n en contra de JOS\u00c9 ALFONSO \u201cN\u201d, alias \u00abel patra\u00f1as\u00bb, al acreditar su responsabilidad en los delitos de homicidio calificado y homicidio en grado de tentativa, derivados de una agresi\u00f3n [&hellip;]<\/p>\n","protected":false},"author":3,"featured_media":21500,"comment_status":"open","ping_status":"open","sticky":false,"template":"","format":"standard","meta":{"footnotes":""},"categories":[9,4,10],"tags":[],"class_list":["post-21499","post","type-post","status-publish","format-standard","has-post-thumbnail","hentry","category-irapuato","category-noticias","category-seguridad"],"_links":{"self":[{"href":"https:\/\/asisucedegto.mx\/inicio\/wp-json\/wp\/v2\/posts\/21499","targetHints":{"allow":["GET"]}}],"collection":[{"href":"https:\/\/asisucedegto.mx\/inicio\/wp-json\/wp\/v2\/posts"}],"about":[{"href":"https:\/\/asisucedegto.mx\/inicio\/wp-json\/wp\/v2\/types\/post"}],"author":[{"embeddable":true,"href":"https:\/\/asisucedegto.mx\/inicio\/wp-json\/wp\/v2\/users\/3"}],"replies":[{"embeddable":true,"href":"https:\/\/asisucedegto.mx\/inicio\/wp-json\/wp\/v2\/comments?post=21499"}],"version-history":[{"count":1,"href":"https:\/\/asisucedegto.mx\/inicio\/wp-json\/wp\/v2\/posts\/21499\/revisions"}],"predecessor-version":[{"id":21501,"href":"https:\/\/asisucedegto.mx\/inicio\/wp-json\/wp\/v2\/posts\/21499\/revisions\/21501"}],"wp:featuredmedia":[{"embeddable":true,"href":"https:\/\/asisucedegto.mx\/inicio\/wp-json\/wp\/v2\/media\/21500"}],"wp:attachment":[{"href":"https:\/\/asisucedegto.mx\/inicio\/wp-json\/wp\/v2\/media?parent=21499"}],"wp:term":[{"taxonomy":"category","embeddable":true,"href":"https:\/\/asisucedegto.mx\/inicio\/wp-json\/wp\/v2\/categories?post=21499"},{"taxonomy":"post_tag","embeddable":true,"href":"https:\/\/asisucedegto.mx\/inicio\/wp-json\/wp\/v2\/tags?post=21499"}],"curies":[{"name":"wp","href":"https:\/\/api.w.org\/{rel}","templated":true}]}}