{"id":21528,"date":"2026-08-10T22:27:29","date_gmt":"2026-08-10T22:27:29","guid":{"rendered":"https:\/\/asisucedegto.mx\/inicio\/?p=21528"},"modified":"2026-08-10T22:27:30","modified_gmt":"2026-08-10T22:27:30","slug":"buscan-a-christopher-garcia-en-jalisco-desaparecio-tras-recibir-oferta-laboral","status":"publish","type":"post","link":"https:\/\/asisucedegto.mx\/inicio\/buscan-a-christopher-garcia-en-jalisco-desaparecio-tras-recibir-oferta-laboral\/","title":{"rendered":"Buscan a Christopher Garc\u00eda en Jalisco; desapareci\u00f3 tras recibir oferta laboral"},"content":{"rendered":"\n<p class=\"wp-block-paragraph\">Jalisco, 10 de Agosto de 2026.- Un\u00a0<strong>menor<\/strong>\u00a0de 17 a\u00f1os de edad\u00a0<strong>desapareci\u00f3<\/strong>\u00a0en\u00a0<strong>Jalisco<\/strong>\u00a0tras recibir una\u00a0<strong>oferta<\/strong>\u00a0<strong>laboral<\/strong>.<\/p>\n\n\n\n<p class=\"wp-block-paragraph\"><strong>Christopher Ad\u00e1n Garc\u00eda Guti\u00e9rrez<\/strong>&nbsp;fue visto por \u00faltima vez el 2 de agosto en la colonia Balcones del Rosario de&nbsp;<strong>Tonal\u00e1<\/strong>.<\/p>\n\n\n\n<p class=\"wp-block-paragraph\">El adolescente fue recogido por personal de un&nbsp;<strong>empleo<\/strong>&nbsp;que hab\u00eda encontrado en&nbsp;<strong>Facebook<\/strong>.<\/p>\n\n\n\n<p class=\"wp-block-paragraph\">Edgar Garc\u00eda, padre del menor, narr\u00f3 que este hab\u00eda encontrado un&nbsp;<strong>empleo<\/strong>&nbsp;como&nbsp;<strong>vigilante<\/strong>&nbsp;en el que trabajar\u00eda dos d\u00edas seguidos para descansar otros dos.<\/p>\n\n\n\n<p class=\"wp-block-paragraph\">Personal del trabajo se ofreci\u00f3 a pasar por el menor a casa de su abuela.<\/p>\n\n\n\n<p class=\"wp-block-paragraph\">Previo a irse, Christopher Ad\u00e1n Garc\u00eda comparti\u00f3 su&nbsp;<strong>ubicaci\u00f3n en tiempo real<\/strong>&nbsp;con su hermano mayor, pero de acuerdo con la familia, la ubicaci\u00f3n dej\u00f3 de actualizarse al minuto de subirse al veh\u00edculo que lo llevar\u00eda al trabajo.<\/p>\n\n\n\n<p class=\"wp-block-paragraph\">Desde entonces&nbsp;<strong>se desconoce el paradero del adolescente<\/strong>.<\/p>\n\n\n\n<p class=\"wp-block-paragraph\">La familia del joven pidi\u00f3 ayuda a las autoridades y ha llevado a cabo bloqueos para exigir avances en la b\u00fasqueda y localizaci\u00f3n del menor.<\/p>\n\n\n\n<p class=\"wp-block-paragraph\">Con informaci\u00f3n de Milenio<\/p>\n\n\n\n<p class=\"wp-block-paragraph\"><\/p>\n","protected":false},"excerpt":{"rendered":"<p>Jalisco, 10 de Agosto de 2026.- Un\u00a0menor\u00a0de 17 a\u00f1os de edad\u00a0desapareci\u00f3\u00a0en\u00a0Jalisco\u00a0tras recibir una\u00a0oferta\u00a0laboral. Christopher Ad\u00e1n Garc\u00eda Guti\u00e9rrez&nbsp;fue visto por \u00faltima vez el 2 de agosto en la colonia Balcones del Rosario de&nbsp;Tonal\u00e1. El adolescente fue recogido por personal de un&nbsp;empleo&nbsp;que hab\u00eda encontrado en&nbsp;Facebook. Edgar Garc\u00eda, padre del menor, narr\u00f3 que este hab\u00eda encontrado un&nbsp;empleo&nbsp;como&nbsp;vigilante&nbsp;en el [&hellip;]<\/p>\n","protected":false},"author":3,"featured_media":21529,"comment_status":"open","ping_status":"open","sticky":false,"template":"","format":"standard","meta":{"footnotes":""},"categories":[13,4],"tags":[],"class_list":["post-21528","post","type-post","status-publish","format-standard","has-post-thumbnail","hentry","category-nacional","category-noticias"],"_links":{"self":[{"href":"https:\/\/asisucedegto.mx\/inicio\/wp-json\/wp\/v2\/posts\/21528","targetHints":{"allow":["GET"]}}],"collection":[{"href":"https:\/\/asisucedegto.mx\/inicio\/wp-json\/wp\/v2\/posts"}],"about":[{"href":"https:\/\/asisucedegto.mx\/inicio\/wp-json\/wp\/v2\/types\/post"}],"author":[{"embeddable":true,"href":"https:\/\/asisucedegto.mx\/inicio\/wp-json\/wp\/v2\/users\/3"}],"replies":[{"embeddable":true,"href":"https:\/\/asisucedegto.mx\/inicio\/wp-json\/wp\/v2\/comments?post=21528"}],"version-history":[{"count":1,"href":"https:\/\/asisucedegto.mx\/inicio\/wp-json\/wp\/v2\/posts\/21528\/revisions"}],"predecessor-version":[{"id":21530,"href":"https:\/\/asisucedegto.mx\/inicio\/wp-json\/wp\/v2\/posts\/21528\/revisions\/21530"}],"wp:featuredmedia":[{"embeddable":true,"href":"https:\/\/asisucedegto.mx\/inicio\/wp-json\/wp\/v2\/media\/21529"}],"wp:attachment":[{"href":"https:\/\/asisucedegto.mx\/inicio\/wp-json\/wp\/v2\/media?parent=21528"}],"wp:term":[{"taxonomy":"category","embeddable":true,"href":"https:\/\/asisucedegto.mx\/inicio\/wp-json\/wp\/v2\/categories?post=21528"},{"taxonomy":"post_tag","embeddable":true,"href":"https:\/\/asisucedegto.mx\/inicio\/wp-json\/wp\/v2\/tags?post=21528"}],"curies":[{"name":"wp","href":"https:\/\/api.w.org\/{rel}","templated":true}]}}