{"id":21531,"date":"2026-08-10T22:48:13","date_gmt":"2026-08-10T22:48:13","guid":{"rendered":"https:\/\/asisucedegto.mx\/inicio\/?p=21531"},"modified":"2026-08-10T22:48:14","modified_gmt":"2026-08-10T22:48:14","slug":"presidente-de-colombia-anuncia-111-muertos-por-sismo-rescate-de-personas-la-prioridad","status":"publish","type":"post","link":"https:\/\/asisucedegto.mx\/inicio\/presidente-de-colombia-anuncia-111-muertos-por-sismo-rescate-de-personas-la-prioridad\/","title":{"rendered":"Presidente de Colombia anuncia 111 muertos por sismo; rescate de personas, la prioridad"},"content":{"rendered":"\n<p class=\"wp-block-paragraph\">Colombia, 10 de Agosto de 2026.- El presidente de\u00a0<strong>Colombia<\/strong>, Abelardo de la Espriella, afirm\u00f3 que el\u00a0<strong>terremoto<\/strong>\u00a0de magnitud 7.4 que sacudi\u00f3 la mayor parte del pa\u00eds, deja una cifra parcial de\u00a0<strong>111 muertos<\/strong>\u00a0y una gran destrucci\u00f3n en al menos cinco departamentos.<\/p>\n\n\n\n<blockquote class=\"wp-block-quote is-layout-flow wp-block-quote-is-layout-flow\">\n<p class=\"wp-block-paragraph\">A las 12:30 h local ten\u00edamos 111 fallecidos, 87 heridos, mil 575 viviendas averiadas, 37 completamente destruidas, 61 edificios colapsados, 18 centros de salud y 52 centros educativos averiados\u201d, dijo De la Espriella en Bogot\u00e1, en su primera\u00a0declaraci\u00f3n p\u00fablica\u00a0tras el terremoto, en la que declar\u00f3 el \u201cdesastre nacional\u201d en todo el pa\u00eds.<\/p>\n<\/blockquote>\n\n\n\n<p class=\"wp-block-paragraph\">El mandatario a\u00f1adi\u00f3 que 18 carreteras resultaron afectadas por el temblor, as\u00ed como siete aeropuertos -Pereira, Manizales, Quibd\u00f3, Armenia, Cartago, Cali y Buenaventura-, que sufrieron da\u00f1os en su infraestructura y permanecen cerrados y sin operaci\u00f3n para vuelos comerciales.<\/p>\n\n\n\n<p class=\"wp-block-paragraph\">De la Espriella viajar\u00e1 esta tarde a Quibd\u00f3, capital del Choc\u00f3, departamento en el que fue el epicentro del terremoto, para atender \u201cpersonalmente\u201d la emergencia, mientras que otros miembros de su gabinete se desplazar\u00e1n al departamento del Valle del Cauca y al Eje Cafetero, las zonas m\u00e1s afectadas por el sismo.<\/p>\n\n\n\n<blockquote class=\"wp-block-quote is-layout-flow wp-block-quote-is-layout-flow\">\n<p class=\"wp-block-paragraph\">Lo primero es el&nbsp;<strong>rescate<\/strong>&nbsp;de las&nbsp;<strong>personas<\/strong>&nbsp;que se encuentran bajo los escombros. Esa es la&nbsp;<strong>prioridad<\/strong>\u201c, afirm\u00f3 el mandatario, que est\u00e1 en su tercer d\u00eda de Gobierno tras haber asumido el cargo el pasado viernes, 7 de agosto.<\/p>\n<\/blockquote>\n\n\n\n<p class=\"wp-block-paragraph\">El terremoto, de magnitud 7.4 seg\u00fan el Servicio Geol\u00f3gico Colombiano (SGC), se sinti\u00f3 a las 7:34 h local y tuvo su epicentro en el municipio de San Jos\u00e9 del Palmar, en el Choc\u00f3, a una profundidad de 82 kil\u00f3metros, y provoc\u00f3 da\u00f1os en buena parte del centro y occidente del pa\u00eds.<\/p>\n\n\n\n<p class=\"wp-block-paragraph\"><\/p>\n","protected":false},"excerpt":{"rendered":"<p>Colombia, 10 de Agosto de 2026.- El presidente de\u00a0Colombia, Abelardo de la Espriella, afirm\u00f3 que el\u00a0terremoto\u00a0de magnitud 7.4 que sacudi\u00f3 la mayor parte del pa\u00eds, deja una cifra parcial de\u00a0111 muertos\u00a0y una gran destrucci\u00f3n en al menos cinco departamentos. A las 12:30 h local ten\u00edamos 111 fallecidos, 87 heridos, mil 575 viviendas averiadas, 37 completamente [&hellip;]<\/p>\n","protected":false},"author":3,"featured_media":21532,"comment_status":"open","ping_status":"open","sticky":false,"template":"","format":"standard","meta":{"footnotes":""},"categories":[5,4],"tags":[],"class_list":["post-21531","post","type-post","status-publish","format-standard","has-post-thumbnail","hentry","category-internacional","category-noticias"],"_links":{"self":[{"href":"https:\/\/asisucedegto.mx\/inicio\/wp-json\/wp\/v2\/posts\/21531","targetHints":{"allow":["GET"]}}],"collection":[{"href":"https:\/\/asisucedegto.mx\/inicio\/wp-json\/wp\/v2\/posts"}],"about":[{"href":"https:\/\/asisucedegto.mx\/inicio\/wp-json\/wp\/v2\/types\/post"}],"author":[{"embeddable":true,"href":"https:\/\/asisucedegto.mx\/inicio\/wp-json\/wp\/v2\/users\/3"}],"replies":[{"embeddable":true,"href":"https:\/\/asisucedegto.mx\/inicio\/wp-json\/wp\/v2\/comments?post=21531"}],"version-history":[{"count":1,"href":"https:\/\/asisucedegto.mx\/inicio\/wp-json\/wp\/v2\/posts\/21531\/revisions"}],"predecessor-version":[{"id":21533,"href":"https:\/\/asisucedegto.mx\/inicio\/wp-json\/wp\/v2\/posts\/21531\/revisions\/21533"}],"wp:featuredmedia":[{"embeddable":true,"href":"https:\/\/asisucedegto.mx\/inicio\/wp-json\/wp\/v2\/media\/21532"}],"wp:attachment":[{"href":"https:\/\/asisucedegto.mx\/inicio\/wp-json\/wp\/v2\/media?parent=21531"}],"wp:term":[{"taxonomy":"category","embeddable":true,"href":"https:\/\/asisucedegto.mx\/inicio\/wp-json\/wp\/v2\/categories?post=21531"},{"taxonomy":"post_tag","embeddable":true,"href":"https:\/\/asisucedegto.mx\/inicio\/wp-json\/wp\/v2\/tags?post=21531"}],"curies":[{"name":"wp","href":"https:\/\/api.w.org\/{rel}","templated":true}]}}