{"id":21537,"date":"2026-08-10T23:50:42","date_gmt":"2026-08-10T23:50:42","guid":{"rendered":"https:\/\/asisucedegto.mx\/inicio\/?p=21537"},"modified":"2026-08-10T23:50:42","modified_gmt":"2026-08-10T23:50:42","slug":"siguen-las-quejas-por-la-gestion-del-nuevo-examen-de-la-unam-tras-polemica-por-ia","status":"publish","type":"post","link":"https:\/\/asisucedegto.mx\/inicio\/siguen-las-quejas-por-la-gestion-del-nuevo-examen-de-la-unam-tras-polemica-por-ia\/","title":{"rendered":"Siguen las quejas por la gesti\u00f3n del nuevo examen de la UNAM tras pol\u00e9mica por IA"},"content":{"rendered":"\n<p class=\"wp-block-paragraph\">CDMX, 10 de Agosto de 2026.- Aspirantes a ingresar a la Universidad Nacional Aut\u00f3noma de M\u00e9xico\u00a0<strong>(UNAM)<\/strong>\u00a0manifestaron este lunes su inconformidad con el proceso para\u00a0<strong>repetir el examen de admisi\u00f3n<\/strong>, ordenado tras la pol\u00e9mica por posibles\u00a0<strong>trampas<\/strong>\u00a0con inteligencia artificial (IA).<\/p>\n\n\n\n<p class=\"wp-block-paragraph\">La&nbsp;<strong>UNAM<\/strong>&nbsp;aplic\u00f3 por primera vez completamente en l\u00ednea su&nbsp;<strong>examen de ingreso a licenciatura<\/strong>&nbsp;entre mayo y junio, pero suspendi\u00f3 las inscripciones despu\u00e9s de detectar resultados&nbsp;<strong>estad\u00edsticamente at\u00edpicos y el posible uso de IA<\/strong>&nbsp;u otras formas de ayuda externa.<\/p>\n\n\n\n<p class=\"wp-block-paragraph\">Para verificar los resultados, la instituci\u00f3n convoc\u00f3 a 58 mil 783 aspirantes a una&nbsp;<strong>evaluaci\u00f3n presencial<\/strong>, que se realizar\u00e1 del&nbsp;<strong>12 al 19 de agosto<\/strong>&nbsp;\u00fanicamente en&nbsp;<strong>Ciudad de M\u00e9xico, Le\u00f3n,<\/strong>&nbsp;<strong>Oaxaca<\/strong>&nbsp;y&nbsp;<strong>Tijuana<\/strong>.<\/p>\n\n\n\n<p class=\"wp-block-paragraph\">Sin embargo, algunos&nbsp;<strong>aspirantes<\/strong>&nbsp;que alcanzaron el puntaje requerido aseguraron que no han podido obtener su cita, lo que mantiene en incertidumbre su participaci\u00f3n a dos d\u00edas del inicio de la evaluaci\u00f3n.<\/p>\n\n\n\n<blockquote class=\"wp-block-quote is-layout-flow wp-block-quote-is-layout-flow\">\n<p class=\"wp-block-paragraph\">\u201cSi se tiene que volver a hacer, pues lo hacemos, pero aqu\u00ed el problema es que no nos est\u00e1n dejando hacerlo\u201d, afirm\u00f3 Grecia, nombre utilizado para proteger su identidad ante las agresiones que, seg\u00fan denunci\u00f3, varios aspirantes han sufrido en redes sociales.<\/p>\n<\/blockquote>\n\n\n\n<p class=\"wp-block-paragraph\">La joven, quien obtuvo 104 aciertos para ingresar a&nbsp;<strong>Medicina,<\/strong>&nbsp;explic\u00f3 que ha acudido a distintas oficinas universitarias y enviado correos electr\u00f3nicos sin conseguir una soluci\u00f3n que le permita presentar la prueba.<\/p>\n\n\n\n<blockquote class=\"wp-block-quote is-layout-flow wp-block-quote-is-layout-flow\">\n<p class=\"wp-block-paragraph\">\u201cNos dan largas, nos mandan de un lugar a otro. La fecha de atenci\u00f3n nos la dan para despu\u00e9s de los ex\u00e1menes de control, pero ya no nos servir\u00eda de nada\u201d, lament\u00f3.<\/p>\n<\/blockquote>\n\n\n\n<p class=\"wp-block-paragraph\">Su padre,&nbsp;<strong>Javier Ramos<\/strong>, quien la acompa\u00f1\u00f3 desde&nbsp;<strong>Cuernavaca<\/strong>&nbsp;para buscar una soluci\u00f3n, explic\u00f3 que la familia ya hab\u00eda rentado un departamento tras conocer que la joven fue seleccionada y ahora enfrenta nuevos gastos de traslado.<\/p>\n\n\n\n<p class=\"wp-block-paragraph\">No obstante, afirm\u00f3 que lo \u201cm\u00e1s dif\u00edcil\u201d ha sido ver que su hija, despu\u00e9s de esforzarse y ser seleccionada, qued\u00f3 sin cita y sin una respuesta clara de la universidad.<\/p>\n\n\n\n<p class=\"wp-block-paragraph\">Las dificultades para obtener citas se sumaron al reclamo principal de los inconformes, explic\u00f3&nbsp;<strong>Emiliano De la Cruz,<\/strong>&nbsp;vocero de la movilizaci\u00f3n, quien exigi\u00f3 que el&nbsp;<strong>examen de control<\/strong>&nbsp;no modifique la selecci\u00f3n original.<\/p>\n\n\n\n<blockquote class=\"wp-block-quote is-layout-flow wp-block-quote-is-layout-flow\">\n<p class=\"wp-block-paragraph\">\u201cNo tiene por qu\u00e9 tener efectos sobre los ya seleccionados. Si la Universidad tuvo el error, no tenemos por qu\u00e9 pagarlo\u201d, sostuvo.<\/p>\n<\/blockquote>\n\n\n\n<p class=\"wp-block-paragraph\"><strong>De la Cruz<\/strong>&nbsp;se\u00f1al\u00f3 que varios&nbsp;<strong>aspirantes<\/strong>&nbsp;inicialmente seleccionados recibieron mensajes que los excluyen de la evaluaci\u00f3n, mientras otros fueron citados en estados distintos pese a haberse mudado ya a&nbsp;<strong>Ciudad de M\u00e9xico.<\/strong><\/p>\n\n\n\n<p class=\"wp-block-paragraph\">Como ejemplo, relat\u00f3 que un joven de&nbsp;<strong>Oaxaca<\/strong>&nbsp;ya se hab\u00eda mudado a&nbsp;<strong>Ciudad de M\u00e9xico<\/strong>&nbsp;despu\u00e9s de ser seleccionado, pero fue citado en su estado de origen y tendr\u00e1 que regresar para presentar la prueba.<\/p>\n\n\n\n<blockquote class=\"wp-block-quote is-layout-flow wp-block-quote-is-layout-flow\">\n<p class=\"wp-block-paragraph\">\u201cTengo otro compa\u00f1ero que es de Ameca, Jalisco. Se vino a vivir igual a Ciudad de M\u00e9xico y le toca hacerlo hasta Le\u00f3n (Guanajuato)\u201d, a\u00f1adi\u00f3.<\/p>\n<\/blockquote>\n\n\n\n<p class=\"wp-block-paragraph\">Seg\u00fan el vocero, estos j\u00f3venes deben sumar el nuevo viaje a los gastos de renta y alimentaci\u00f3n que ya hab\u00edan asumido tras trasladarse a la capital mexicana.<\/p>\n\n\n\n<blockquote class=\"wp-block-quote is-layout-flow wp-block-quote-is-layout-flow\">\n<p class=\"wp-block-paragraph\">\u201cSon varias cosas las que no est\u00e1 tomando en cuenta la Universidad\u201d, sostuvo.<\/p>\n<\/blockquote>\n\n\n\n<p class=\"wp-block-paragraph\">Pese a estos nuevos problemas, afirm\u00f3 que la principal exigencia contin\u00faa siendo que el&nbsp;<strong>examen de control<\/strong>&nbsp;no anule los resultados obtenidos originalmente por los aspirantes seleccionados.<\/p>\n\n\n\n<blockquote class=\"wp-block-quote is-layout-flow wp-block-quote-is-layout-flow\">\n<p class=\"wp-block-paragraph\">\u201cSi la Universidad tuvo el error, no tenemos por qu\u00e9 pagarlo\u201d, concluy\u00f3.<\/p>\n<\/blockquote>\n\n\n\n<p class=\"wp-block-paragraph\"><strong>\u201cRespeten mi lugar\u201d y \u201cRespeten mi derecho a la educaci\u00f3n\u201d,<\/strong>&nbsp;se le\u00eda en las pancartas de algunos de los manifestantes.<\/p>\n\n\n\n<p class=\"wp-block-paragraph\">El domingo, la&nbsp;<strong>UNAM<\/strong>&nbsp;inform\u00f3 en un comunicado que&nbsp;<strong>43 mil 619 aspirantes<\/strong>, equivalente al 74.3 % de los 58 mil 783 convocados, ya hab\u00edan obtenido su cita con fecha, sede y horario.<\/p>\n\n\n\n<p class=\"wp-block-paragraph\">Con informaci\u00f3n de EFE.<\/p>\n\n\n\n<p class=\"wp-block-paragraph\"><\/p>\n","protected":false},"excerpt":{"rendered":"<p>CDMX, 10 de Agosto de 2026.- Aspirantes a ingresar a la Universidad Nacional Aut\u00f3noma de M\u00e9xico\u00a0(UNAM)\u00a0manifestaron este lunes su inconformidad con el proceso para\u00a0repetir el examen de admisi\u00f3n, ordenado tras la pol\u00e9mica por posibles\u00a0trampas\u00a0con inteligencia artificial (IA). La&nbsp;UNAM&nbsp;aplic\u00f3 por primera vez completamente en l\u00ednea su&nbsp;examen de ingreso a licenciatura&nbsp;entre mayo y junio, pero suspendi\u00f3 las [&hellip;]<\/p>\n","protected":false},"author":3,"featured_media":21538,"comment_status":"open","ping_status":"open","sticky":false,"template":"","format":"standard","meta":{"footnotes":""},"categories":[13,4],"tags":[],"class_list":["post-21537","post","type-post","status-publish","format-standard","has-post-thumbnail","hentry","category-nacional","category-noticias"],"_links":{"self":[{"href":"https:\/\/asisucedegto.mx\/inicio\/wp-json\/wp\/v2\/posts\/21537","targetHints":{"allow":["GET"]}}],"collection":[{"href":"https:\/\/asisucedegto.mx\/inicio\/wp-json\/wp\/v2\/posts"}],"about":[{"href":"https:\/\/asisucedegto.mx\/inicio\/wp-json\/wp\/v2\/types\/post"}],"author":[{"embeddable":true,"href":"https:\/\/asisucedegto.mx\/inicio\/wp-json\/wp\/v2\/users\/3"}],"replies":[{"embeddable":true,"href":"https:\/\/asisucedegto.mx\/inicio\/wp-json\/wp\/v2\/comments?post=21537"}],"version-history":[{"count":1,"href":"https:\/\/asisucedegto.mx\/inicio\/wp-json\/wp\/v2\/posts\/21537\/revisions"}],"predecessor-version":[{"id":21539,"href":"https:\/\/asisucedegto.mx\/inicio\/wp-json\/wp\/v2\/posts\/21537\/revisions\/21539"}],"wp:featuredmedia":[{"embeddable":true,"href":"https:\/\/asisucedegto.mx\/inicio\/wp-json\/wp\/v2\/media\/21538"}],"wp:attachment":[{"href":"https:\/\/asisucedegto.mx\/inicio\/wp-json\/wp\/v2\/media?parent=21537"}],"wp:term":[{"taxonomy":"category","embeddable":true,"href":"https:\/\/asisucedegto.mx\/inicio\/wp-json\/wp\/v2\/categories?post=21537"},{"taxonomy":"post_tag","embeddable":true,"href":"https:\/\/asisucedegto.mx\/inicio\/wp-json\/wp\/v2\/tags?post=21537"}],"curies":[{"name":"wp","href":"https:\/\/api.w.org\/{rel}","templated":true}]}}