{"id":21600,"date":"2026-08-11T22:38:32","date_gmt":"2026-08-11T22:38:32","guid":{"rendered":"https:\/\/asisucedegto.mx\/inicio\/?p=21600"},"modified":"2026-08-11T22:38:32","modified_gmt":"2026-08-11T22:38:32","slug":"sre-atiende-tres-casos-de-proteccion-consular-tras-el-terremoto-en-colombia","status":"publish","type":"post","link":"https:\/\/asisucedegto.mx\/inicio\/sre-atiende-tres-casos-de-proteccion-consular-tras-el-terremoto-en-colombia\/","title":{"rendered":"SRE atiende tres casos de protecci\u00f3n consular tras el terremoto en Colombia"},"content":{"rendered":"\n<p class=\"wp-block-paragraph\"><strong>M\u00e9xico, 11 de Agosto de 2026.<\/strong>&#8211; El Gobierno de M\u00e9xico inform\u00f3 este martes que brinda asistencia a tres casos de\u00a0<strong>protecci\u00f3n consular<\/strong>\u00a0tras el terremoto de magnitud 7.4 que sacudi\u00f3\u00a0<strong>Colombia,<\/strong>\u00a0entre ellos el de un\u00a0<strong>equipo infantil de f\u00fatbol de Tijuana\u00a0<\/strong>que se encontraba en el pa\u00eds suramericano durante la emergencia.<\/p>\n\n\n\n<p class=\"wp-block-paragraph\">En un comunicado, la Secretar\u00eda de Relaciones Exteriores&nbsp;<strong>(SRE)<\/strong>&nbsp;se\u00f1al\u00f3 que, a trav\u00e9s de la&nbsp;<strong>Embajada de M\u00e9xico en Colombia<\/strong>, mantiene contacto y seguimiento de los 213 mexicanos que han solicitado apoyo despu\u00e9s del&nbsp;<strong>terremoto,<\/strong>&nbsp;que ha dejado centenares de muertos y heridos.<\/p>\n\n\n\n<p class=\"wp-block-paragraph\">Entre los casos atendidos se encuentra el de la&nbsp;<strong>delegaci\u00f3n deportiva infantil procedente de Tijuana,<\/strong>&nbsp;que qued\u00f3 temporalmente varada en territorio colombiano.<\/p>\n\n\n\n<p class=\"wp-block-paragraph\">El secretario de Relaciones Exteriores,&nbsp;<strong>Roberto Velasco \u00c1lvarez<\/strong>, sostuvo este martes una reuni\u00f3n de evaluaci\u00f3n con el equipo de&nbsp;<strong>Protecci\u00f3n Consular<\/strong>&nbsp;para revisar la atenci\u00f3n a los mexicanos en situaci\u00f3n de vulnerabilidad.<\/p>\n\n\n\n<p class=\"wp-block-paragraph\">Durante una videollamada con la&nbsp;<strong>Embajada mexicana en Colombia<\/strong>, las autoridades diplom\u00e1ticas conversaron directamente con el cuerpo t\u00e9cnico del equipo infantil para conocer su situaci\u00f3n y coordinar el apoyo requerido.<\/p>\n\n\n\n<figure class=\"wp-block-image\" id=\"attachment_1806047\"><img decoding=\"async\" src=\"https:\/\/lopezdoriga.com\/wp-content\/uploads\/2026\/08\/colombia-terremoto-10ago26-1-1024x683.jpg\" alt=\"SRE atiende tres casos de protecci\u00f3n consular tras el terremoto en Colombia - colombia-terremoto-10ago26-1-1024x683\" class=\"wp-image-1806047\" title=\"\"\/><figcaption class=\"wp-element-caption\">Foto de EFE<\/figcaption><\/figure>\n\n\n\n<p class=\"wp-block-paragraph\"><strong>Velasco<\/strong>&nbsp;asegur\u00f3 a la delegaci\u00f3n que, por instrucciones de la presidenta&nbsp;<strong>Claudia Sheinbaum<\/strong>, los ciudadanos mexicanos afectados cuentan con el respaldo del Gobierno para facilitar su retorno seguro al pa\u00eds.<\/p>\n\n\n\n<p class=\"wp-block-paragraph\">La&nbsp;<strong>Canciller\u00eda<\/strong>&nbsp;mantiene adem\u00e1s activos sus mecanismos de protecci\u00f3n consular ante posibles nuevas solicitudes de mexicanos afectados por la emergencia.<\/p>\n\n\n\n<h2 class=\"wp-block-heading\">M\u00e9xico mantiene oferta de ayuda<\/h2>\n\n\n\n<p class=\"wp-block-paragraph\">En paralelo,&nbsp;<strong>Velasco<\/strong>&nbsp;inform\u00f3 que mantiene comunicaci\u00f3n con el canciller colombiano,&nbsp;<strong>Omar Bula<\/strong>, para dar seguimiento a las&nbsp;<strong>consecuencias del terremoto<\/strong>&nbsp;y reiterar la disposici\u00f3n mexicana de colaborar ante la magnitud de la tragedia.<\/p>\n\n\n\n<p class=\"wp-block-paragraph\">El sismo ocurri\u00f3 el lunes y tuvo su epicentro en&nbsp;<strong>San Jos\u00e9 del Palmar<\/strong>, en el departamento del&nbsp;<strong>Choc\u00f3,<\/strong>&nbsp;una de las regiones m\u00e1s pobres de&nbsp;<strong>Colombia<\/strong>&nbsp;y una de las m\u00e1s afectadas.<\/p>\n\n\n\n<p class=\"wp-block-paragraph\">El balance oficial inicial situ\u00f3 en al menos 181 el n\u00famero de fallecidos, aunque los reportes divulgados por autoridades de los departamentos afectados y sus capitales elevan la cifra de v\u00edctimas mortales a por lo menos 240, adem\u00e1s de centenares de heridos y severos da\u00f1os materiales.<\/p>\n\n\n\n<figure class=\"wp-block-image\" id=\"attachment_1805938\"><img decoding=\"async\" src=\"https:\/\/lopezdoriga.com\/wp-content\/uploads\/2026\/08\/d6145283cdd809d261a2e216b0a7544dafa6be35w-1024x683.jpg\" alt=\"SRE atiende tres casos de protecci\u00f3n consular tras el terremoto en Colombia - d6145283cdd809d261a2e216b0a7544dafa6be35w-1024x683\" class=\"wp-image-1805938\" title=\"\"\/><figcaption class=\"wp-element-caption\">Personas trabajan en labores de rescate en una edificaci\u00f3n colapsada por el terremoto de magnitud 7,4 que sacudi\u00f3 al pa\u00eds este lunes, en Cali (Colombia). EFE\/ Ernesto Guzm\u00e1n Jr<\/figcaption><\/figure>\n\n\n\n<p class=\"wp-block-paragraph\"><strong>M\u00e9xico<\/strong>&nbsp;ofreci\u00f3 desde las primeras horas posteriores al&nbsp;<strong>terremoto<\/strong>&nbsp;ayuda humanitaria y&nbsp;<strong>equipos especializados de b\u00fasqueda y rescate<\/strong>.<\/p>\n\n\n\n<p class=\"wp-block-paragraph\">La&nbsp;<strong>Secretar\u00eda de Defensa<\/strong>&nbsp;inform\u00f3 este martes que mantiene preparado un contingente de 255 militares especializados, adem\u00e1s de medicamentos, alimentos y equipos, que podr\u00eda desplazarse a&nbsp;<strong>Colombia<\/strong>&nbsp;en caso de que el Gobierno de ese pa\u00eds formule una petici\u00f3n formal de asistencia.<\/p>\n\n\n\n<p class=\"wp-block-paragraph\"><strong>Sheinbaum<\/strong>&nbsp;hab\u00eda expresado desde el lunes la disposici\u00f3n de su Gobierno para apoyar al pa\u00eds suramericano tras conocer la magnitud del terremoto.<\/p>\n\n\n\n<blockquote class=\"wp-block-quote is-layout-flow wp-block-quote-is-layout-flow\">\n<p class=\"wp-block-paragraph\">\u201cTodo el apoyo que requiera, si es necesario, el pueblo de Colombia, ah\u00ed vamos a estar\u201d, afirm\u00f3 entonces la mandataria.<\/p>\n<\/blockquote>\n\n\n\n<p class=\"wp-block-paragraph\">Con informaci\u00f3n de EFE.<\/p>\n\n\n\n<p class=\"wp-block-paragraph\"><\/p>\n","protected":false},"excerpt":{"rendered":"<p>M\u00e9xico, 11 de Agosto de 2026.&#8211; El Gobierno de M\u00e9xico inform\u00f3 este martes que brinda asistencia a tres casos de\u00a0protecci\u00f3n consular\u00a0tras el terremoto de magnitud 7.4 que sacudi\u00f3\u00a0Colombia,\u00a0entre ellos el de un\u00a0equipo infantil de f\u00fatbol de Tijuana\u00a0que se encontraba en el pa\u00eds suramericano durante la emergencia. En un comunicado, la Secretar\u00eda de Relaciones Exteriores&nbsp;(SRE)&nbsp;se\u00f1al\u00f3 que, [&hellip;]<\/p>\n","protected":false},"author":3,"featured_media":21601,"comment_status":"open","ping_status":"open","sticky":false,"template":"","format":"standard","meta":{"footnotes":""},"categories":[13,4],"tags":[],"class_list":["post-21600","post","type-post","status-publish","format-standard","has-post-thumbnail","hentry","category-nacional","category-noticias"],"_links":{"self":[{"href":"https:\/\/asisucedegto.mx\/inicio\/wp-json\/wp\/v2\/posts\/21600","targetHints":{"allow":["GET"]}}],"collection":[{"href":"https:\/\/asisucedegto.mx\/inicio\/wp-json\/wp\/v2\/posts"}],"about":[{"href":"https:\/\/asisucedegto.mx\/inicio\/wp-json\/wp\/v2\/types\/post"}],"author":[{"embeddable":true,"href":"https:\/\/asisucedegto.mx\/inicio\/wp-json\/wp\/v2\/users\/3"}],"replies":[{"embeddable":true,"href":"https:\/\/asisucedegto.mx\/inicio\/wp-json\/wp\/v2\/comments?post=21600"}],"version-history":[{"count":1,"href":"https:\/\/asisucedegto.mx\/inicio\/wp-json\/wp\/v2\/posts\/21600\/revisions"}],"predecessor-version":[{"id":21602,"href":"https:\/\/asisucedegto.mx\/inicio\/wp-json\/wp\/v2\/posts\/21600\/revisions\/21602"}],"wp:featuredmedia":[{"embeddable":true,"href":"https:\/\/asisucedegto.mx\/inicio\/wp-json\/wp\/v2\/media\/21601"}],"wp:attachment":[{"href":"https:\/\/asisucedegto.mx\/inicio\/wp-json\/wp\/v2\/media?parent=21600"}],"wp:term":[{"taxonomy":"category","embeddable":true,"href":"https:\/\/asisucedegto.mx\/inicio\/wp-json\/wp\/v2\/categories?post=21600"},{"taxonomy":"post_tag","embeddable":true,"href":"https:\/\/asisucedegto.mx\/inicio\/wp-json\/wp\/v2\/tags?post=21600"}],"curies":[{"name":"wp","href":"https:\/\/api.w.org\/{rel}","templated":true}]}}