{"id":21603,"date":"2026-08-11T22:48:14","date_gmt":"2026-08-11T22:48:14","guid":{"rendered":"https:\/\/asisucedegto.mx\/inicio\/?p=21603"},"modified":"2026-08-11T22:48:14","modified_gmt":"2026-08-11T22:48:14","slug":"ee-uu-acusa-de-narcoterrorismo-y-trafico-de-armas-a-4-miembros-del-cjng","status":"publish","type":"post","link":"https:\/\/asisucedegto.mx\/inicio\/ee-uu-acusa-de-narcoterrorismo-y-trafico-de-armas-a-4-miembros-del-cjng\/","title":{"rendered":"EE.UU. acusa de narcoterrorismo y tr\u00e1fico de armas a 4 miembros del CJNG"},"content":{"rendered":"\n<p class=\"wp-block-paragraph\">EUA, 11 de Agosto de 2026.- Las autoridades de\u00a0<strong>Estados Unidos<\/strong>\u00a0acusaron de\u00a0<strong>narcoterrorismo<\/strong>,\u00a0<strong>tr\u00e1fico de drogas y armas<\/strong>\u00a0a\u00a0<strong>cuatro mexicanos<\/strong>\u00a0presuntos integrantes del\u00a0<strong>C\u00e1rtel Jalisco Nueva Generaci\u00f3n<\/strong>\u00a0(CJNG), todos arrestados en Rep\u00fablica Checa en junio pasado, inform\u00f3 la Fiscal\u00eda.<\/p>\n\n\n\n<p class=\"wp-block-paragraph\">Los acusados fueron identificados como&nbsp;<strong>Edgar Alejandro L\u00f3pez Velasco<\/strong>, de 44 a\u00f1os;&nbsp;<strong>No\u00e9 D\u00edaz Jim\u00e9nez<\/strong>, de 33;&nbsp;<strong>Jos\u00e9 Miguel Alvarado Morales<\/strong>, de 23, y&nbsp;<strong>Leobardo Gaxiola L\u00f3pez<\/strong>, alias \u2018<strong>Bado<\/strong>\u2018, de 63, quienes enfrentan condenas de cadena perpetua si son hallados culpables.<\/p>\n\n\n\n<p class=\"wp-block-paragraph\">En d\u00edas pasados, el Gobierno de Estados Unidos anunci\u00f3 recompensas por un total superior a\u00a0100 millones de d\u00f3lares\u00a0por informaci\u00f3n que conduzca a la captura de varios cabecillas del CJNG, organizaci\u00f3n criminal mexicana designada como grupo terrorista por la Administraci\u00f3n de Donald Trump.<\/p>\n\n\n\n<p class=\"wp-block-paragraph\"><strong>L\u00f3pez<\/strong>,&nbsp;<strong>D\u00edaz<\/strong>&nbsp;y&nbsp;<strong>Alvarado<\/strong>&nbsp;est\u00e1n acusados de conspiraci\u00f3n para cometer&nbsp;<strong>narcoterrorismo<\/strong>, proporcionar apoyo material al terrorismo, importar drogas y traficar armas.&nbsp;<strong>Gaxiola<\/strong>&nbsp;enfrenta cargos por&nbsp;<strong>conspiraci\u00f3n para importar drogas y traficar armas<\/strong>, detalla un comunicado de la Fiscal\u00eda.<\/p>\n\n\n\n<p class=\"wp-block-paragraph\">Seg\u00fan la acusaci\u00f3n, los cuatro est\u00e1n vinculados al CJNG, considerado por Estados Unidos uno de los c\u00e1rteles de drogas m\u00e1s poderosos y violentos de M\u00e9xico.<\/p>\n\n\n\n<p class=\"wp-block-paragraph\">L\u00f3pez era representante de un integrante de alto nivel del CJNG; D\u00edaz traficaba fentanilo y operaba un laboratorio de esta droga en M\u00e9xico; Gaxiola intermediaba en operaciones de drogas y armas, y Alvarado representaba a otro integrante de alto nivel del c\u00e1rtel, seg\u00fan la nota de prensa.<\/p>\n\n\n\n<p class=\"wp-block-paragraph\">Agrega que en febrero de 2026, L\u00f3pez y D\u00edaz negociaron la venta desde Rep\u00fablica Checa a M\u00e9xico de ametralladoras y artefactos explosivos para cometer actos de violencia contra c\u00e1rteles rivales, civiles, polic\u00edas y militares mexicanos.<\/p>\n\n\n\n<p class=\"wp-block-paragraph\">Entre las armas negociadas hab\u00eda distintos tipos de ametralladoras europeas, lanzacohetes, morteros y munici\u00f3n. A cambio, los acusados pagaban con fentanilo y metanfetamina que eran introducidos en Estados Unidos para su distribuci\u00f3n.<\/p>\n\n\n\n<p class=\"wp-block-paragraph\">El 12 de junio, las autoridades mexicanas desmantelaron el laboratorio de opioides sint\u00e9ticos de D\u00edaz en Zapop\u00e1n, en el estado de Jalisco, detall\u00f3 la Fiscal\u00eda estadounidense.<\/p>\n\n\n\n<p class=\"wp-block-paragraph\">L\u00f3pez y Alvarado fueron extraditados a Florida, donde comparecieron inicialmente ante un juez este lunes y quedaron detenidos.<\/p>\n\n\n\n<p class=\"wp-block-paragraph\">Con informaci\u00f3n de EFE<\/p>\n\n\n\n<p class=\"wp-block-paragraph\"><\/p>\n","protected":false},"excerpt":{"rendered":"<p>EUA, 11 de Agosto de 2026.- Las autoridades de\u00a0Estados Unidos\u00a0acusaron de\u00a0narcoterrorismo,\u00a0tr\u00e1fico de drogas y armas\u00a0a\u00a0cuatro mexicanos\u00a0presuntos integrantes del\u00a0C\u00e1rtel Jalisco Nueva Generaci\u00f3n\u00a0(CJNG), todos arrestados en Rep\u00fablica Checa en junio pasado, inform\u00f3 la Fiscal\u00eda. Los acusados fueron identificados como&nbsp;Edgar Alejandro L\u00f3pez Velasco, de 44 a\u00f1os;&nbsp;No\u00e9 D\u00edaz Jim\u00e9nez, de 33;&nbsp;Jos\u00e9 Miguel Alvarado Morales, de 23, y&nbsp;Leobardo Gaxiola L\u00f3pez, [&hellip;]<\/p>\n","protected":false},"author":3,"featured_media":21604,"comment_status":"open","ping_status":"open","sticky":false,"template":"","format":"standard","meta":{"footnotes":""},"categories":[5,4],"tags":[],"class_list":["post-21603","post","type-post","status-publish","format-standard","has-post-thumbnail","hentry","category-internacional","category-noticias"],"_links":{"self":[{"href":"https:\/\/asisucedegto.mx\/inicio\/wp-json\/wp\/v2\/posts\/21603","targetHints":{"allow":["GET"]}}],"collection":[{"href":"https:\/\/asisucedegto.mx\/inicio\/wp-json\/wp\/v2\/posts"}],"about":[{"href":"https:\/\/asisucedegto.mx\/inicio\/wp-json\/wp\/v2\/types\/post"}],"author":[{"embeddable":true,"href":"https:\/\/asisucedegto.mx\/inicio\/wp-json\/wp\/v2\/users\/3"}],"replies":[{"embeddable":true,"href":"https:\/\/asisucedegto.mx\/inicio\/wp-json\/wp\/v2\/comments?post=21603"}],"version-history":[{"count":1,"href":"https:\/\/asisucedegto.mx\/inicio\/wp-json\/wp\/v2\/posts\/21603\/revisions"}],"predecessor-version":[{"id":21605,"href":"https:\/\/asisucedegto.mx\/inicio\/wp-json\/wp\/v2\/posts\/21603\/revisions\/21605"}],"wp:featuredmedia":[{"embeddable":true,"href":"https:\/\/asisucedegto.mx\/inicio\/wp-json\/wp\/v2\/media\/21604"}],"wp:attachment":[{"href":"https:\/\/asisucedegto.mx\/inicio\/wp-json\/wp\/v2\/media?parent=21603"}],"wp:term":[{"taxonomy":"category","embeddable":true,"href":"https:\/\/asisucedegto.mx\/inicio\/wp-json\/wp\/v2\/categories?post=21603"},{"taxonomy":"post_tag","embeddable":true,"href":"https:\/\/asisucedegto.mx\/inicio\/wp-json\/wp\/v2\/tags?post=21603"}],"curies":[{"name":"wp","href":"https:\/\/api.w.org\/{rel}","templated":true}]}}