{"id":21623,"date":"2026-08-12T17:07:29","date_gmt":"2026-08-12T17:07:29","guid":{"rendered":"https:\/\/asisucedegto.mx\/inicio\/?p=21623"},"modified":"2026-08-12T17:07:30","modified_gmt":"2026-08-12T17:07:30","slug":"emily-zamudio-entre-las-10-mujeres-del-mundo-seleccionadas-por-ieee-women-in-photonics","status":"publish","type":"post","link":"https:\/\/asisucedegto.mx\/inicio\/emily-zamudio-entre-las-10-mujeres-del-mundo-seleccionadas-por-ieee-women-in-photonics\/","title":{"rendered":"Emily Zamudio, entre las 10 mujeres del mundo seleccionadas por IEEE Women in\u00a0Photonics"},"content":{"rendered":"\n<p class=\"wp-block-paragraph\"><strong>Salamanca, Gto., 12 de agosto de 2026.-<\/strong>\u00a0Emily del Roc\u00edo Zamudio Ram\u00edrez, estudiante del programa de Ingenier\u00eda en Comunicaciones y Electr\u00f3nica del Campus Irapuato-Salamanca, fue seleccionada por la iniciativa IEEE Women in\u00a0Photonics\u00a0como una de las 10 mujeres a nivel mundial que recibir\u00e1 la beca para asistir al congreso internacional IEEE\u00a0Photonics\u00a0Conference\u00a0(IPC 2026), un evento de alto valor curricular y acad\u00e9mico que se realizar\u00e1\u00a0del 8 al 12 de\u00a0noviembre, en Denver, Colorado, Estados Unidos.\u00a0<\/p>\n\n\n\n<p class=\"wp-block-paragraph\">La iniciativa IEEE Women in&nbsp;Photonics&nbsp;de la Sociedad de Fot\u00f3nica del Instituto de Ingenieros El\u00e9ctricos y Electr\u00f3nicos, busca apoyar la participaci\u00f3n, retenci\u00f3n y liderazgo de las mujeres en el campo de la \u00f3ptica y la fot\u00f3nica a nivel global. &nbsp;<\/p>\n\n\n\n<p class=\"wp-block-paragraph\">Su selecci\u00f3n para ese programa fue posible gracias a su trayectoria como miembro activo, la organizaci\u00f3n de eventos de divulgaci\u00f3n cient\u00edfica y su compromiso continuo por visibilizar la participaci\u00f3n de las mujeres y las ni\u00f1as en la ciencia.&nbsp;<\/p>\n\n\n\n<p class=\"wp-block-paragraph\">Emily del Roc\u00edo, es originaria de Valle de Santiago,&nbsp;Guanajuato, y desde 2025 preside el cap\u00edtulo estudiantil IEEE&nbsp;Photonics&nbsp;UG. Su trabajo se ha centrado en la \u00f3ptica y la fot\u00f3nica, colaborando en conjunto con el Dr. Juli\u00e1n Mois\u00e9s Estudillo Ayala, asesor del cap\u00edtulo. En sus proyectos ha desarrollado sensores con fibra \u00f3ptica, as\u00ed como diversas investigaciones y trabajos presentados en congresos nacionales.&nbsp;<\/p>\n\n\n\n<p class=\"wp-block-paragraph\">\u201cEsto para m\u00ed significa mucho, ya que soy una de las diez mujeres seleccionadas alrededor del mundo y la que representar\u00e1 a mi pa\u00eds en este congreso tan importante. Considero que es una gran oportunidad, tanto para el aprendizaje personal como para visibilizar el esfuerzo de las mujeres en la ciencia\u201d, expres\u00f3 la estudiante.&nbsp;<\/p>\n\n\n\n<p class=\"wp-block-paragraph\">Record\u00f3 que representar al cap\u00edtulo estudiantil le ha permitido realizar diversas actividades junto a un equipo de trabajo sumamente comprometido. \u201cProyectos como la feria de ciencias para ni\u00f1os nos ha permitido abrir las puertas de la investigaci\u00f3n a los m\u00e1s peque\u00f1os y, sobre todo, visibilizar al sector femenino dentro&nbsp;de \u00e1reas como la ingenier\u00eda, un pilar sumamente importante para la organizaci\u00f3n IEEE\u201d, explic\u00f3.&nbsp;<\/p>\n\n\n\n<p class=\"wp-block-paragraph\">Dentro de la instituci\u00f3n, tambi\u00e9n ha expandido sus actividades hacia el sector estudiantil con el \u201cIEEE&nbsp;Photonics&nbsp;Congress\u201d, un congreso que convoca a investigadores e investigadoras de distintas \u00e1reas para brindar ponencias que nutran los conocimientos de la comunidad.&nbsp;<\/p>\n\n\n\n<p class=\"wp-block-paragraph\">Una de las iniciativas de las cuales est\u00e1 m\u00e1s orgullosa es el \u00abCoffee&nbsp;and&nbsp;Talk: Charla entre mujeres\u00bb, un evento que culmina los esfuerzos anteriores al brindar un espacio de expresi\u00f3n a destacadas investigadoras y docentes, permiti\u00e9ndoles aportar su punto de vista como mujeres en la ciencia y, de esta forma, apoyar a la comunidad estudiantil.&nbsp;<\/p>\n\n\n\n<p class=\"wp-block-paragraph\">Gracias a esta trayectoria, este a\u00f1o particip\u00f3 en la convocatoria para obtener la beca \u201cIEEE Women in Photonics\u201d. Para llevar a cabo la selecci\u00f3n de candidatas, se consideran distintos criterios, entre ellos: declaraciones personales de inter\u00e9s t\u00e9cnico; servicio demostrado o voluntariado dentro de la sociedad y\/o el campo de la fot\u00f3nica; capacidad para promover la innovaci\u00f3n tecnol\u00f3gica y la excelencia en beneficio de la humanidad; as\u00ed como un compromiso para fomentar la colaboraci\u00f3n y la alineaci\u00f3n con los objetivos de representaci\u00f3n global de la Sociedad de Fot\u00f3nica.<\/p>\n\n\n\n<p class=\"wp-block-paragraph\"><\/p>\n","protected":false},"excerpt":{"rendered":"<p>Salamanca, Gto., 12 de agosto de 2026.-\u00a0Emily del Roc\u00edo Zamudio Ram\u00edrez, estudiante del programa de Ingenier\u00eda en Comunicaciones y Electr\u00f3nica del Campus Irapuato-Salamanca, fue seleccionada por la iniciativa IEEE Women in\u00a0Photonics\u00a0como una de las 10 mujeres a nivel mundial que recibir\u00e1 la beca para asistir al congreso internacional IEEE\u00a0Photonics\u00a0Conference\u00a0(IPC 2026), un evento de alto valor [&hellip;]<\/p>\n","protected":false},"author":3,"featured_media":21624,"comment_status":"open","ping_status":"open","sticky":false,"template":"","format":"standard","meta":{"footnotes":""},"categories":[11,4],"tags":[],"class_list":["post-21623","post","type-post","status-publish","format-standard","has-post-thumbnail","hentry","category-estado","category-noticias"],"_links":{"self":[{"href":"https:\/\/asisucedegto.mx\/inicio\/wp-json\/wp\/v2\/posts\/21623","targetHints":{"allow":["GET"]}}],"collection":[{"href":"https:\/\/asisucedegto.mx\/inicio\/wp-json\/wp\/v2\/posts"}],"about":[{"href":"https:\/\/asisucedegto.mx\/inicio\/wp-json\/wp\/v2\/types\/post"}],"author":[{"embeddable":true,"href":"https:\/\/asisucedegto.mx\/inicio\/wp-json\/wp\/v2\/users\/3"}],"replies":[{"embeddable":true,"href":"https:\/\/asisucedegto.mx\/inicio\/wp-json\/wp\/v2\/comments?post=21623"}],"version-history":[{"count":1,"href":"https:\/\/asisucedegto.mx\/inicio\/wp-json\/wp\/v2\/posts\/21623\/revisions"}],"predecessor-version":[{"id":21625,"href":"https:\/\/asisucedegto.mx\/inicio\/wp-json\/wp\/v2\/posts\/21623\/revisions\/21625"}],"wp:featuredmedia":[{"embeddable":true,"href":"https:\/\/asisucedegto.mx\/inicio\/wp-json\/wp\/v2\/media\/21624"}],"wp:attachment":[{"href":"https:\/\/asisucedegto.mx\/inicio\/wp-json\/wp\/v2\/media?parent=21623"}],"wp:term":[{"taxonomy":"category","embeddable":true,"href":"https:\/\/asisucedegto.mx\/inicio\/wp-json\/wp\/v2\/categories?post=21623"},{"taxonomy":"post_tag","embeddable":true,"href":"https:\/\/asisucedegto.mx\/inicio\/wp-json\/wp\/v2\/tags?post=21623"}],"curies":[{"name":"wp","href":"https:\/\/api.w.org\/{rel}","templated":true}]}}