{"id":21626,"date":"2026-08-12T18:04:55","date_gmt":"2026-08-12T18:04:55","guid":{"rendered":"https:\/\/asisucedegto.mx\/inicio\/?p=21626"},"modified":"2026-08-12T18:04:55","modified_gmt":"2026-08-12T18:04:55","slug":"mexico-envia-58-5-toneladas-de-ayuda-humanitaria-a-colombia-tras-terremoto-de-magnitud-7-4","status":"publish","type":"post","link":"https:\/\/asisucedegto.mx\/inicio\/mexico-envia-58-5-toneladas-de-ayuda-humanitaria-a-colombia-tras-terremoto-de-magnitud-7-4\/","title":{"rendered":"M\u00e9xico env\u00eda 58.5 toneladas de ayuda humanitaria a Colombia tras terremoto de magnitud 7.4"},"content":{"rendered":"\n<p class=\"wp-block-paragraph\"><strong><strong>Internacional., 12 de agosto del 2026. <\/strong><\/strong> <strong>M\u00e9xico inici\u00f3<\/strong>\u00a0este mi\u00e9rcoles 12 de agosto de 2026 de\u00a0<strong>58.5 toneladas de ayuda humanitaria<\/strong>\u00a0a\u00a0<strong>Colombia<\/strong>, tras recibir una solicitud del Gobierno de aquel pa\u00eds para atender la emergencia provocada por el\u00a0<strong>terremoto<\/strong>\u00a0<strong>de magnitud 7.4<\/strong>, inform\u00f3 la presidenta\u00a0<strong>Claudia Sheinbaum<\/strong>.<\/p>\n\n\n\n<blockquote class=\"wp-block-quote is-layout-flow wp-block-quote-is-layout-flow\">\n<p class=\"wp-block-paragraph\">\u201cEl d\u00eda de hoy sale ayuda para Colombia. Ayer a trav\u00e9s de la Secretar\u00eda de Relaciones Exteriores nos pidieron algunos temas espec\u00edficos por parte del Gobierno de Colombia\u201d, refiri\u00f3 la mandataria durante su conferencia de prensa matutina.<\/p>\n<\/blockquote>\n\n\n\n<p class=\"wp-block-paragraph\">La mandataria mexicana detall\u00f3 que\u00a0<strong>dos aeronaves<\/strong>\u00a0de la\u00a0<strong>Fuerza A\u00e9rea Mexicana<\/strong>\u00a0despegaron a las 07:11 y 07:40 h local del Aeropuerto Internacional Felipe \u00c1ngeles (<strong>AIFA<\/strong>) con destino a\u00a0<strong>Pereira<\/strong>, Colombia.<br><br>\u201cYa despegaron dos aeronaves de la Fuerza A\u00e9rea Mexicana del AIFA rumbo a Pereira, Colombia, con 854 despensas que representan 19.5 toneladas de ayuda humanitaria\u201d, se\u00f1al\u00f3 Sheinbaum.<br><br>Precis\u00f3 que en las aeronaves viaj\u00f3 tambi\u00e9n personal del Ej\u00e9rcito mexicano para colaborar en labores de asistencia tras el terremoto, aunque no indic\u00f3 el n\u00famero de elementos que envi\u00f3 su gobierno.<\/p>\n\n\n\n<p class=\"wp-block-paragraph\">Explic\u00f3 que el operativo se desarrollar\u00e1 entre el 12 y el 14 de agosto y contempla el env\u00edo total de 2.562 despensas, equivalentes a 58.5 toneladas de ayuda humanitaria.<\/p>\n\n\n\n<p class=\"wp-block-paragraph\">\u201cSe env\u00eda agua, se env\u00edan tambi\u00e9n medicamentos\u201d, precis\u00f3.<br><br>El despliegue supone la materializaci\u00f3n del ofrecimiento de asistencia realizado por M\u00e9xico desde las primeras horas posteriores al terremoto, despu\u00e9s de que el Gobierno colombiano comunicara a trav\u00e9s de la Secretar\u00eda de Relaciones Exteriores (<strong>SRE<\/strong>) las necesidades espec\u00edficas para atender la emergencia.<\/p>\n\n\n\n<p class=\"wp-block-paragraph\">\u201cVamos a estar en contacto a trav\u00e9s de las canciller\u00edas para todo el apoyo que requiera Colombia\u201d, asegur\u00f3 Sheinbaum Pardo.<\/p>\n\n\n\n<p class=\"wp-block-paragraph\">M\u00e9xico hab\u00eda preparado previamente un contingente de 255 militares especializados en b\u00fasqueda y rescate, adem\u00e1s de alimentos, medicamentos y equipos, a la espera de que Colombia solicitara formalmente la asistencia.<\/p>\n\n\n\n<p class=\"wp-block-paragraph\">La Secretar\u00eda de la Defensa Nacional mantiene en situaci\u00f3n de alerta al agrupamiento de Ayuda Humanitaria \u201cCali\u201d, con un efectivo de 255 militares especialistas, del Ej\u00e9rcito, Fuerza A\u00e9rea y Guardia Nacional y 20 binomios can\u00f3filos para ser desplegados a Colombia en auxilio de la poblaci\u00f3n vulnerada en caso necesario. De igual forma, se mantiene en reserva en el Centro Estrat\u00e9gico Militar de Acopio agua embotellada, medicamentos, herramientas y mochilas de primeros auxilios, entre otros art\u00edculos.<\/p>\n\n\n\n<p class=\"wp-block-paragraph\"><strong>Mexicanos varados en Colombia<\/strong><br><br>Sobre la situaci\u00f3n de&nbsp;<strong>ciudadanos mexicanos<\/strong>&nbsp;afectados por la emergencia, entre ellos un equipo infantil de f\u00fatbol de Tijuana que qued\u00f3 temporalmente varado en Colombia tras el terremoto, Sheinbaum Pardo asegur\u00f3 que las autoridades mexicanas mantienen contacto con ellos, aunque explic\u00f3 que los problemas en la infraestructura aeroportuaria han dificultado su salida.<\/p>\n\n\n\n<p class=\"wp-block-paragraph\">\u201cEl problema es el aeropuerto, que no est\u00e1 funcionando en este momento. Est\u00e1 hasta cierto punto aislada esta poblaci\u00f3n, pero hay contacto con ellos y se est\u00e1 viendo la mejor manera para que puedan regresar lo m\u00e1s pronto posible\u201d, afirm\u00f3.<\/p>\n\n\n\n<p class=\"wp-block-paragraph\">Seg\u00fan cifras divulgadas por el presidente Abelardo De la Espriella, que declar\u00f3 duelo nacional de tres d\u00edas, se contabilizan al menos 181 personas fallecidas, aunque autoridades regionales elevan ese n\u00famero a aproximadamente 240 muertos, mientras sigue la b\u00fasqueda y rescate de centenares de personas atrapadas bajo los escombros, principalmente en las ciudades de Cali y Pereira.<\/p>\n\n\n\n<p class=\"wp-block-paragraph\">Con informaci\u00f3n de <strong>EFE<\/strong><\/p>\n\n\n\n<p class=\"wp-block-paragraph\"><\/p>\n","protected":false},"excerpt":{"rendered":"<p>Internacional., 12 de agosto del 2026. M\u00e9xico inici\u00f3\u00a0este mi\u00e9rcoles 12 de agosto de 2026 de\u00a058.5 toneladas de ayuda humanitaria\u00a0a\u00a0Colombia, tras recibir una solicitud del Gobierno de aquel pa\u00eds para atender la emergencia provocada por el\u00a0terremoto\u00a0de magnitud 7.4, inform\u00f3 la presidenta\u00a0Claudia Sheinbaum. \u201cEl d\u00eda de hoy sale ayuda para Colombia. Ayer a trav\u00e9s de la Secretar\u00eda [&hellip;]<\/p>\n","protected":false},"author":3,"featured_media":21628,"comment_status":"open","ping_status":"open","sticky":false,"template":"","format":"standard","meta":{"footnotes":""},"categories":[5,4],"tags":[],"class_list":["post-21626","post","type-post","status-publish","format-standard","has-post-thumbnail","hentry","category-internacional","category-noticias"],"_links":{"self":[{"href":"https:\/\/asisucedegto.mx\/inicio\/wp-json\/wp\/v2\/posts\/21626","targetHints":{"allow":["GET"]}}],"collection":[{"href":"https:\/\/asisucedegto.mx\/inicio\/wp-json\/wp\/v2\/posts"}],"about":[{"href":"https:\/\/asisucedegto.mx\/inicio\/wp-json\/wp\/v2\/types\/post"}],"author":[{"embeddable":true,"href":"https:\/\/asisucedegto.mx\/inicio\/wp-json\/wp\/v2\/users\/3"}],"replies":[{"embeddable":true,"href":"https:\/\/asisucedegto.mx\/inicio\/wp-json\/wp\/v2\/comments?post=21626"}],"version-history":[{"count":1,"href":"https:\/\/asisucedegto.mx\/inicio\/wp-json\/wp\/v2\/posts\/21626\/revisions"}],"predecessor-version":[{"id":21629,"href":"https:\/\/asisucedegto.mx\/inicio\/wp-json\/wp\/v2\/posts\/21626\/revisions\/21629"}],"wp:featuredmedia":[{"embeddable":true,"href":"https:\/\/asisucedegto.mx\/inicio\/wp-json\/wp\/v2\/media\/21628"}],"wp:attachment":[{"href":"https:\/\/asisucedegto.mx\/inicio\/wp-json\/wp\/v2\/media?parent=21626"}],"wp:term":[{"taxonomy":"category","embeddable":true,"href":"https:\/\/asisucedegto.mx\/inicio\/wp-json\/wp\/v2\/categories?post=21626"},{"taxonomy":"post_tag","embeddable":true,"href":"https:\/\/asisucedegto.mx\/inicio\/wp-json\/wp\/v2\/tags?post=21626"}],"curies":[{"name":"wp","href":"https:\/\/api.w.org\/{rel}","templated":true}]}}