{"id":21630,"date":"2026-08-12T18:51:57","date_gmt":"2026-08-12T18:51:57","guid":{"rendered":"https:\/\/asisucedegto.mx\/inicio\/?p=21630"},"modified":"2026-08-12T18:51:57","modified_gmt":"2026-08-12T18:51:57","slug":"topos-azteca-llegan-a-colombia-para-el-rescate-de-personas-atrapadas-por-el-sismo","status":"publish","type":"post","link":"https:\/\/asisucedegto.mx\/inicio\/topos-azteca-llegan-a-colombia-para-el-rescate-de-personas-atrapadas-por-el-sismo\/","title":{"rendered":"Topos Azteca llegan a Colombia para el rescate de personas atrapadas por el sismo"},"content":{"rendered":"\n<p class=\"wp-block-paragraph\"><strong>Colombia., 12 de Agosto del 2026.- <\/strong>La brigada mexicana de socorristas&nbsp;<strong>Topos Azteca<\/strong>&nbsp;lleg\u00f3 a la ciudad colombiana de&nbsp;<strong>Cali<\/strong>&nbsp;para ayudar en el&nbsp;<strong>rescate de personas atrapadas<\/strong>&nbsp;bajo los escombros por el terremoto de magnitud 7.4 que sacudi\u00f3 el lunes el pa\u00eds y que deja m\u00e1s de dos centenares de personas muertas.<\/p>\n\n\n\n<p class=\"wp-block-paragraph\">Los&nbsp;<strong>rescatistas mexicanos<\/strong>, encabezados por su l\u00edder, H\u00e9ctor M\u00e9ndez, llegaron a Colombia procedentes de Venezuela, donde estaban desde hace 41 d\u00edas tras los dos potentes terremotos de La Guaira que el 24 de junio causaron m\u00e1s de 6 mil 300 muertos, y fueron recibidos por el alcalde de Cali, Alejandro Eder.<\/p>\n\n\n\n<p class=\"wp-block-paragraph\">\u201cNosotros estuvimos 41 d\u00edas en Venezuela y decidimos venir para ac\u00e1 y no irnos a M\u00e9xico en cuanto vimos lo que pasaba. Dejamos las actividades en Venezuela, que era ya la recuperaci\u00f3n de v\u00edctimas fatales, para sumarnos a este gran esfuerzo de venir a rescatar a nuestros hermanos\u201d, asegur\u00f3 el brigadista.<\/p>\n\n\n\n<figure class=\"wp-block-image size-full is-resized\"><img decoding=\"async\" src=\"https:\/\/asisucedeleon.mx\/wp-content\/uploads\/2026\/08\/TOPO.jpg\" alt=\"\" class=\"wp-image-132574\" style=\"width:389px;height:auto\"\/><\/figure>\n\n\n\n<p class=\"wp-block-paragraph\">Cali, capital del departamento del Valle del Cauca, es una de las ciudades m\u00e1s afectadas por el terremoto, con casi un centenar de fallecidos y decenas de edificios residenciales y comerciales que se desplomaron o sufrieron severos da\u00f1os.<\/p>\n\n\n\n<p class=\"wp-block-paragraph\">\u201cEsta es una situaci\u00f3n fuera de lo normal y le pido a todos los que estamos trabajando en esto que hagamos un esfuerzo para sobrepasar ese periodo en que nos sentimos v\u00edctimas. Nosotros no somos v\u00edctimas, nosotros somos trabajadores de los medios de informaci\u00f3n, somos bomberos, somos ej\u00e9rcito, somos polic\u00edas y somos voluntarios\u201d, agreg\u00f3 M\u00e9ndez a periodistas, al lado del alcalde.<\/p>\n\n\n\n<p class=\"wp-block-paragraph\">La brigada de rescate&nbsp;<strong>Topos&nbsp;<\/strong>se cre\u00f3 en septiembre de 1985 cuando un grupo de ciudadanos voluntarios comenz\u00f3 las labores de b\u00fasqueda y rescate de personas entre los escombros que dej\u00f3 el terremoto de Ciudad de M\u00e9xico de magnitud 8.1<\/p>\n\n\n\n<p class=\"wp-block-paragraph\">\u201cSabemos que vamos a hacer el m\u00e1ximo esfuerzo y que vamos a lograr que estas familias exitosa y felizmente tengan a sus seres queridos rescatados\u201d, a\u00f1adi\u00f3 el brigadista.<\/p>\n\n\n\n<p class=\"wp-block-paragraph\">Cabe destacar que la&nbsp;<strong>Brigada de Rescate Topos Tlatelolco A.C.<\/strong>&nbsp;inform\u00f3 que no se movilizar\u00eda a Colombia tras conocer que el Gobierno no permitir\u00eda el ingreso de grupos de rescate externos, toda vez que \u201cla emergencia est\u00e1 cubierta por sus rescatistas nacionales\u201d.<\/p>\n\n\n\n<p class=\"wp-block-paragraph\">Iv\u00e1n Barrientos, integrante de la brigada, indic\u00f3 que Topos Azteca es un grupo no reconocido ante la ONU, motivo por el cual podr\u00edan no dejarlos participar en las operaciones de rescate en Colombia.<\/p>\n\n\n\n<blockquote class=\"wp-block-quote is-layout-flow wp-block-quote-is-layout-flow\">\n<p class=\"wp-block-paragraph\">Es probable que no los dejen participar porque no est\u00e1n reconocidos ante la ONU\u2026 No puedes ir a una zona de desastre a poner en riesgo log\u00edstico a los grupos que ya est\u00e1n trabajando\u201d, refiri\u00f3 en entrevista <\/p>\n<\/blockquote>\n\n\n\n<p class=\"wp-block-paragraph\">El terremoto ha causado la muerte de por lo menos 181 personas, seg\u00fan el presidente colombiano, Abelardo de la Espriella, aunque autoridades regionales elevan ese n\u00famero a aproximadamente 240 muertos y hay una cifra indeterminada de personas desaparecidas o atrapadas bajo los escombros tanto en Cali como en Pereira, capital del departamento de Risaralda.<\/p>\n\n\n\n<p class=\"wp-block-paragraph\">Informaci\u00f3n de <strong>EFE<\/strong><\/p>\n\n\n\n<p class=\"wp-block-paragraph\"><\/p>\n","protected":false},"excerpt":{"rendered":"<p>Colombia., 12 de Agosto del 2026.- La brigada mexicana de socorristas&nbsp;Topos Azteca&nbsp;lleg\u00f3 a la ciudad colombiana de&nbsp;Cali&nbsp;para ayudar en el&nbsp;rescate de personas atrapadas&nbsp;bajo los escombros por el terremoto de magnitud 7.4 que sacudi\u00f3 el lunes el pa\u00eds y que deja m\u00e1s de dos centenares de personas muertas. Los&nbsp;rescatistas mexicanos, encabezados por su l\u00edder, H\u00e9ctor M\u00e9ndez, [&hellip;]<\/p>\n","protected":false},"author":3,"featured_media":21632,"comment_status":"open","ping_status":"open","sticky":false,"template":"","format":"standard","meta":{"footnotes":""},"categories":[5,4],"tags":[],"class_list":["post-21630","post","type-post","status-publish","format-standard","has-post-thumbnail","hentry","category-internacional","category-noticias"],"_links":{"self":[{"href":"https:\/\/asisucedegto.mx\/inicio\/wp-json\/wp\/v2\/posts\/21630","targetHints":{"allow":["GET"]}}],"collection":[{"href":"https:\/\/asisucedegto.mx\/inicio\/wp-json\/wp\/v2\/posts"}],"about":[{"href":"https:\/\/asisucedegto.mx\/inicio\/wp-json\/wp\/v2\/types\/post"}],"author":[{"embeddable":true,"href":"https:\/\/asisucedegto.mx\/inicio\/wp-json\/wp\/v2\/users\/3"}],"replies":[{"embeddable":true,"href":"https:\/\/asisucedegto.mx\/inicio\/wp-json\/wp\/v2\/comments?post=21630"}],"version-history":[{"count":1,"href":"https:\/\/asisucedegto.mx\/inicio\/wp-json\/wp\/v2\/posts\/21630\/revisions"}],"predecessor-version":[{"id":21633,"href":"https:\/\/asisucedegto.mx\/inicio\/wp-json\/wp\/v2\/posts\/21630\/revisions\/21633"}],"wp:featuredmedia":[{"embeddable":true,"href":"https:\/\/asisucedegto.mx\/inicio\/wp-json\/wp\/v2\/media\/21632"}],"wp:attachment":[{"href":"https:\/\/asisucedegto.mx\/inicio\/wp-json\/wp\/v2\/media?parent=21630"}],"wp:term":[{"taxonomy":"category","embeddable":true,"href":"https:\/\/asisucedegto.mx\/inicio\/wp-json\/wp\/v2\/categories?post=21630"},{"taxonomy":"post_tag","embeddable":true,"href":"https:\/\/asisucedegto.mx\/inicio\/wp-json\/wp\/v2\/tags?post=21630"}],"curies":[{"name":"wp","href":"https:\/\/api.w.org\/{rel}","templated":true}]}}