{"id":21634,"date":"2026-08-12T19:29:08","date_gmt":"2026-08-12T19:29:08","guid":{"rendered":"https:\/\/asisucedegto.mx\/inicio\/?p=21634"},"modified":"2026-08-12T19:29:09","modified_gmt":"2026-08-12T19:29:09","slug":"estudiante-cae-de-5-metros-tras-presunto-asalto-en-celaya","status":"publish","type":"post","link":"https:\/\/asisucedegto.mx\/inicio\/estudiante-cae-de-5-metros-tras-presunto-asalto-en-celaya\/","title":{"rendered":"Estudiante cae de 5 metros tras presunto asalto en Celaya"},"content":{"rendered":"\n<p class=\"wp-block-paragraph\"><strong>Celaya, Gto., 12 de Agosto de 2026.- <\/strong>Un estudiante de 17 a\u00f1os logr\u00f3 sobrevivir a una ca\u00edda de aproximadamente cinco metros hacia un costado del r\u00edo Laja, luego de que presuntamente fuera agredido durante un intento de asalto cuando se dirig\u00eda a su escuela en la comunidad de San Isidro de Trojes.<\/p>\n\n\n\n<p class=\"wp-block-paragraph\">El joven se trasladaba al plantel educativo con motivo de su graduaci\u00f3n cuando, al pasar por las inmediaciones del r\u00edo, un sujeto de identidad desconocida se le aproxim\u00f3 y comenz\u00f3 a forcejear con \u00e9l, aparentemente para despojarlo de sus pertenencias.<\/p>\n\n\n\n<p class=\"wp-block-paragraph\">Durante el altercado, el estudiante perdi\u00f3 el equilibrio y termin\u00f3 precipit\u00e1ndose hacia el desnivel, donde qued\u00f3 inconsciente por algunos instantes.<\/p>\n\n\n\n<p class=\"wp-block-paragraph\">La situaci\u00f3n fue reportada al sistema de emergencias 911 por habitantes de la zona, quienes alertaron sobre una persona que se encontraba a un costado del r\u00edo.<\/p>\n\n\n\n<p class=\"wp-block-paragraph\">Param\u00e9dicos acudieron al sitio y brindaron atenci\u00f3n al joven, quien \u00fanicamente present\u00f3 algunos golpes derivados de la ca\u00edda y no requiri\u00f3 ser trasladado a un hospital.<\/p>\n\n\n\n<p class=\"wp-block-paragraph\">El hecho ser\u00e1 investigado por la Fiscal\u00eda General del Estado, mientras que la versi\u00f3n de la v\u00edctima y la denuncia que presente ser\u00e1n elementos fundamentales para establecer c\u00f3mo ocurri\u00f3 la agresi\u00f3n y dar con el presunto responsable.<\/p>\n","protected":false},"excerpt":{"rendered":"<p>Celaya, Gto., 12 de Agosto de 2026.- Un estudiante de 17 a\u00f1os logr\u00f3 sobrevivir a una ca\u00edda de aproximadamente cinco metros hacia un costado del r\u00edo Laja, luego de que presuntamente fuera agredido durante un intento de asalto cuando se dirig\u00eda a su escuela en la comunidad de San Isidro de Trojes. El joven se [&hellip;]<\/p>\n","protected":false},"author":3,"featured_media":21635,"comment_status":"open","ping_status":"open","sticky":false,"template":"","format":"standard","meta":{"footnotes":""},"categories":[7,4,131],"tags":[],"class_list":["post-21634","post","type-post","status-publish","format-standard","has-post-thumbnail","hentry","category-celaya","category-noticias","category-municipios"],"_links":{"self":[{"href":"https:\/\/asisucedegto.mx\/inicio\/wp-json\/wp\/v2\/posts\/21634","targetHints":{"allow":["GET"]}}],"collection":[{"href":"https:\/\/asisucedegto.mx\/inicio\/wp-json\/wp\/v2\/posts"}],"about":[{"href":"https:\/\/asisucedegto.mx\/inicio\/wp-json\/wp\/v2\/types\/post"}],"author":[{"embeddable":true,"href":"https:\/\/asisucedegto.mx\/inicio\/wp-json\/wp\/v2\/users\/3"}],"replies":[{"embeddable":true,"href":"https:\/\/asisucedegto.mx\/inicio\/wp-json\/wp\/v2\/comments?post=21634"}],"version-history":[{"count":1,"href":"https:\/\/asisucedegto.mx\/inicio\/wp-json\/wp\/v2\/posts\/21634\/revisions"}],"predecessor-version":[{"id":21636,"href":"https:\/\/asisucedegto.mx\/inicio\/wp-json\/wp\/v2\/posts\/21634\/revisions\/21636"}],"wp:featuredmedia":[{"embeddable":true,"href":"https:\/\/asisucedegto.mx\/inicio\/wp-json\/wp\/v2\/media\/21635"}],"wp:attachment":[{"href":"https:\/\/asisucedegto.mx\/inicio\/wp-json\/wp\/v2\/media?parent=21634"}],"wp:term":[{"taxonomy":"category","embeddable":true,"href":"https:\/\/asisucedegto.mx\/inicio\/wp-json\/wp\/v2\/categories?post=21634"},{"taxonomy":"post_tag","embeddable":true,"href":"https:\/\/asisucedegto.mx\/inicio\/wp-json\/wp\/v2\/tags?post=21634"}],"curies":[{"name":"wp","href":"https:\/\/api.w.org\/{rel}","templated":true}]}}