{"id":21637,"date":"2026-08-12T22:24:14","date_gmt":"2026-08-12T22:24:14","guid":{"rendered":"https:\/\/asisucedegto.mx\/inicio\/?p=21637"},"modified":"2026-08-12T22:24:14","modified_gmt":"2026-08-12T22:24:14","slug":"apaseo-el-grande-y-dolores-hidalgo-unen-vino-queso-y-turismo-en-nueva-feria","status":"publish","type":"post","link":"https:\/\/asisucedegto.mx\/inicio\/apaseo-el-grande-y-dolores-hidalgo-unen-vino-queso-y-turismo-en-nueva-feria\/","title":{"rendered":"Apaseo el Grande y Dolores Hidalgo unen vino, queso y turismo en nueva feria"},"content":{"rendered":"\n<p class=\"wp-block-paragraph\">Apaseo el Grande, Gto., a 12 de agosto de 2026.- El Gobierno Municipal de Apaseo el Grande present\u00f3 el cartel de la segunda edici\u00f3n de la Feria de la Poes\u00eda, Vino y Queso, que se realizar\u00e1 los d\u00edas 5 y 6 de septiembre en la explanada de la Casa de los Perros, con una propuesta que busca impulsar el turismo, la identidad cultural y la actividad econ\u00f3mica del municipio.<\/p>\n\n\n\n<p class=\"wp-block-paragraph\">Durante la presentaci\u00f3n, el Director de Desarrollo Econ\u00f3mico y Sustentable, Salvador Varela Nogal, destac\u00f3 que esta segunda edici\u00f3n representa una oportunidad para fortalecer la actividad de los productores de queso artesanal y vincularla con la oferta vitivin\u00edcola de Dolores Hidalgo.<\/p>\n\n\n\n<p class=\"wp-block-paragraph\">Se\u00f1al\u00f3 que la primera edici\u00f3n gener\u00f3 una derrama econ\u00f3mica aproximada de 2.5 millones de pesos, con alrededor de 4 mil 500 asistentes, mientras que para este a\u00f1o se espera duplicar tanto la afluencia como la derrama econ\u00f3mica. Adem\u00e1s, se busca alcanzar una ocupaci\u00f3n hotelera cercana al 100 por ciento durante el festival.<\/p>\n\n\n\n<p class=\"wp-block-paragraph\">Como parte de esta estrategia regional, participar\u00e1n casas vitivin\u00edcolas de Dolores Hidalgo, adem\u00e1s de productores de vino de otros municipios. A la par, participar\u00e1n al menos ocho casas productoras de queso de Apaseo el Grande, resaltando la tradici\u00f3n quesera y la producci\u00f3n caprina que caracteriza a la regi\u00f3n.<\/p>\n\n\n\n<p class=\"wp-block-paragraph\">La representante de los productores de queso artesanal, Jessica Andrea Rodr\u00edguez Rico, de Quesos Artesanales El Corralito, destac\u00f3 el trabajo y dedicaci\u00f3n que existe detr\u00e1s de cada producto e invit\u00f3 a la ciudadan\u00eda a conocer la oferta gastron\u00f3mica y artesanal del municipio durante el festival.<\/p>\n\n\n\n<p class=\"wp-block-paragraph\">La programaci\u00f3n contempla actividades para toda la familia, entre ellas talleres florales, degustaciones y maridajes de vino y queso, ensambles de vino, elaboraci\u00f3n de globos de cantoya y una cata infantil con actividades sensoriales para ni\u00f1as y ni\u00f1os.<\/p>\n\n\n\n<p class=\"wp-block-paragraph\">Tambi\u00e9n se realizar\u00e1 un homenaje al poeta apaseense Antonio Plaza Llamas, con la participaci\u00f3n del escritor y conductor de Canal Once, Jorge Pedro Uribe, adem\u00e1s de actividades relacionadas con la obra y legado del poeta.<\/p>\n\n\n\n<p class=\"wp-block-paragraph\">El Presidente Municipal, Jos\u00e9 Luis \u201cChelis\u201d Oliveros Usabiaga, resalt\u00f3 que la feria representa una alianza estrat\u00e9gica con Dolores Hidalgo para integrar el queso de Apaseo el Grande a la ruta vitivin\u00edcola de Guanajuato.<\/p>\n\n\n\n<p class=\"wp-block-paragraph\">\u201cApaseo no produce vino, pero s\u00ed producimos queso; somos una de las cuencas lecheras m\u00e1s importantes de M\u00e9xico en leche de cabra\u201d, se\u00f1al\u00f3 el Alcalde, al destacar la posibilidad de generar productos tur\u00edsticos que integren vino, queso, cultura e identidad regional.<\/p>\n\n\n\n<p class=\"wp-block-paragraph\">Como parte del programa art\u00edstico, Fernando Delgadillo ser\u00e1 el encargado de cerrar el festival. El Presidente Municipal enfatiz\u00f3 que el acceso al evento ser\u00e1 gratuito.<\/p>\n\n\n\n<p class=\"wp-block-paragraph\">Adem\u00e1s de las actividades en la explanada de la Casa de los Perros, se instalar\u00e1 un pabell\u00f3n artesanal en el andador Galeana, donde alrededor de 18 artesanos ofrecer\u00e1n sus productos de 12:00 a 20:00 horas.<\/p>\n\n\n\n<p class=\"wp-block-paragraph\">Para facilitar la llegada de visitantes, el municipio habilitar\u00e1 el estacionamiento de la Pepsi, ubicado a una cuadra del Centro Hist\u00f3rico, con acceso gratuito.<\/p>\n\n\n\n<p class=\"wp-block-paragraph\">Los talleres y la cena maridaje ser\u00e1n gratuitos, aunque contar\u00e1n con cupo limitado. Las personas interesadas podr\u00e1n registrarse a trav\u00e9s de las redes sociales de Turismo Apaseo y en las oficinas ubicadas a un costado de Presidencia Municipal.<\/p>\n\n\n\n<p class=\"wp-block-paragraph\">Con esta segunda edici\u00f3n, Apaseo el Grande busca consolidar la Feria de la Poes\u00eda, Vino y Queso como un nuevo producto tur\u00edstico de alcance regional, fortaleciendo la promoci\u00f3n de sus tradiciones, productores, artesanos y patrimonio cultural.<\/p>\n\n\n\n<p class=\"wp-block-paragraph\"><\/p>\n","protected":false},"excerpt":{"rendered":"<p>Apaseo el Grande, Gto., a 12 de agosto de 2026.- El Gobierno Municipal de Apaseo el Grande present\u00f3 el cartel de la segunda edici\u00f3n de la Feria de la Poes\u00eda, Vino y Queso, que se realizar\u00e1 los d\u00edas 5 y 6 de septiembre en la explanada de la Casa de los Perros, con una propuesta [&hellip;]<\/p>\n","protected":false},"author":3,"featured_media":21638,"comment_status":"open","ping_status":"open","sticky":false,"template":"","format":"standard","meta":{"footnotes":""},"categories":[4,131],"tags":[],"class_list":["post-21637","post","type-post","status-publish","format-standard","has-post-thumbnail","hentry","category-noticias","category-municipios"],"_links":{"self":[{"href":"https:\/\/asisucedegto.mx\/inicio\/wp-json\/wp\/v2\/posts\/21637","targetHints":{"allow":["GET"]}}],"collection":[{"href":"https:\/\/asisucedegto.mx\/inicio\/wp-json\/wp\/v2\/posts"}],"about":[{"href":"https:\/\/asisucedegto.mx\/inicio\/wp-json\/wp\/v2\/types\/post"}],"author":[{"embeddable":true,"href":"https:\/\/asisucedegto.mx\/inicio\/wp-json\/wp\/v2\/users\/3"}],"replies":[{"embeddable":true,"href":"https:\/\/asisucedegto.mx\/inicio\/wp-json\/wp\/v2\/comments?post=21637"}],"version-history":[{"count":1,"href":"https:\/\/asisucedegto.mx\/inicio\/wp-json\/wp\/v2\/posts\/21637\/revisions"}],"predecessor-version":[{"id":21639,"href":"https:\/\/asisucedegto.mx\/inicio\/wp-json\/wp\/v2\/posts\/21637\/revisions\/21639"}],"wp:featuredmedia":[{"embeddable":true,"href":"https:\/\/asisucedegto.mx\/inicio\/wp-json\/wp\/v2\/media\/21638"}],"wp:attachment":[{"href":"https:\/\/asisucedegto.mx\/inicio\/wp-json\/wp\/v2\/media?parent=21637"}],"wp:term":[{"taxonomy":"category","embeddable":true,"href":"https:\/\/asisucedegto.mx\/inicio\/wp-json\/wp\/v2\/categories?post=21637"},{"taxonomy":"post_tag","embeddable":true,"href":"https:\/\/asisucedegto.mx\/inicio\/wp-json\/wp\/v2\/tags?post=21637"}],"curies":[{"name":"wp","href":"https:\/\/api.w.org\/{rel}","templated":true}]}}