{"id":21646,"date":"2026-08-12T23:49:46","date_gmt":"2026-08-12T23:49:46","guid":{"rendered":"https:\/\/asisucedegto.mx\/inicio\/?p=21646"},"modified":"2026-08-12T23:49:46","modified_gmt":"2026-08-12T23:49:46","slug":"libia-dennise-reconoce-el-talento-joven-de-guanajuato-y-entrega-el-premio-estatal-de-las-juventudes-2026","status":"publish","type":"post","link":"https:\/\/asisucedegto.mx\/inicio\/libia-dennise-reconoce-el-talento-joven-de-guanajuato-y-entrega-el-premio-estatal-de-las-juventudes-2026\/","title":{"rendered":"Libia Dennise reconoce el talento joven de Guanajuato y entrega el Premio Estatal de las Juventudes 2026"},"content":{"rendered":"\n<p class=\"wp-block-paragraph\">Irapuato, Gto. 12 de agosto de 2026.- \u201cJ\u00f3venes de Guanajuato, hoy queremos decirles que creemos en ustedes, en su capacidad y en sus sue\u00f1os, creemos en su fuerza para transformar a Guanajuato. Aprovechen todas las puertas que se est\u00e1n abriendo. Atr\u00e9vanse a so\u00f1ar en grande\u201d, dijo la Gobernadora de la Gente, Libia Dennise Garc\u00eda Mu\u00f1oz Ledo, a m\u00e1s de 2 mil j\u00f3venes provenientes de los 46 municipios, en el marco del D\u00eda Internacional de la Juventud.<\/p>\n\n\n\n<p class=\"wp-block-paragraph\">Adem\u00e1s, la Gobernadora entreg\u00f3 este d\u00eda el Premio Estatal de las Juventudes 2026, en reconocimiento al talento creatividad, \u201cporque donde hay juventudes hay ideas nuevas, hay pasi\u00f3n, hay innovaci\u00f3n\u201d, dijo.<\/p>\n\n\n\n<p class=\"wp-block-paragraph\">\u201cHoy tenemos s\u00f3lidos testimonios de que nuestras juventudes est\u00e1n cambiando comunidades, mejorando vidas y abriendo nuevos caminos para nuestro estado. Siete j\u00f3venes extraordinarios, con historias que nos inspiran, que son ejemplos de lo mejor que tiene Guanajuato\u201d, dijo la Mandataria Estatal.<\/p>\n\n\n\n<p class=\"wp-block-paragraph\">El Premio Estatal de las Juventudes es el m\u00e1ximo reconocimiento que otorga el Gobierno del Estado a las y los j\u00f3venes, por su liderazgo, su talento, su innovaci\u00f3n y su contribuci\u00f3n social. Se trata de un reconocimiento que naci\u00f3 en 2007 y que hasta el a\u00f1o 2025 ha distinguido a 153 j\u00f3venes guanajuatenses que han dejado huella en nuestra sociedad.<\/p>\n\n\n\n<p class=\"wp-block-paragraph\">Las y los j\u00f3venes galardonados son: Nailea Francesca Mora P\u00e9rez, en la categor\u00eda de Compromiso Social y Comunitario; Ra\u00fal Omar Herrera Arroyo, en la categor\u00eda Acad\u00e9mica y Cient\u00edfica; Marco Javier L\u00f3pez Ram\u00edrez, en la categor\u00eda Art\u00edstica y Cultural; Kevin Lael Ochoa Barr\u00f3n, en la categor\u00eda Inclusi\u00f3n, Diversidad y Derechos Humanos; Mar\u00eda Teresa Guerrero Flores, en la categor\u00eda Cuidado Ambiental y Sustentabilidad; Paola Berenice Franco Medel, en la categor\u00eda Emprendimiento y Liderazgo Productivo; y Miguel Huizache V\u00e1zquez, en la categor\u00eda Innovaci\u00f3n y Tecnolog\u00eda.<\/p>\n\n\n\n<p class=\"wp-block-paragraph\">\u201cCada una de estas historias representa el talento de nuestros j\u00f3venes; y cada categor\u00eda representa un tema fundamental para el desarrollo de Guanajuato\u201d, expres\u00f3 la Gobernadora.<\/p>\n\n\n\n<p class=\"wp-block-paragraph\">Este a\u00f1o se recibieron 257 postulaciones: 132 hombres y 125 mujeres provenientes de 31 municipios del estado. Cada una de esas participaciones representa una historia de esfuerzo y una voluntad de servir a los dem\u00e1s.<\/p>\n\n\n\n<p class=\"wp-block-paragraph\">La Gobernadora reafirm\u00f3 su compromiso frente a todas y todos los presentes, \u201cdecirles que creemos en ustedes. Sabemos que invertir en las juventudes es invertir en el futuro de Guanajuato\u201d, dijo.<\/p>\n\n\n\n<p class=\"wp-block-paragraph\">En atenci\u00f3n a las juventudes, agreg\u00f3 que, el a\u00f1o pasado (2025) se abrieron 31 nuevas preparatorias de las cuales 26 corresponden al Bachillerato Integral que es una nueva modalidad con duraci\u00f3n de 2 a\u00f1os que ha tenido un gran \u00e9xito y para para este a\u00f1o (2026) se abrir\u00e1n otras 58 nuevas preparatorias, 40 de ellas son Bachilleratos Integrales.<\/p>\n\n\n\n<p class=\"wp-block-paragraph\">\u201cPero tambi\u00e9n queremos que nuestras juventudes tengan alas para so\u00f1ar\u201d, puntualiz\u00f3 Libia Dennise, con el impulso de programas de becas y movilidad internacional, con 23 j\u00f3venes provenientes de 14 municipios que partieron rumbo a Jap\u00f3n.<\/p>\n\n\n\n<p class=\"wp-block-paragraph\">Y para quienes tienen la inquietud de emprender, el Gobierno de la Gente pone a su disposici\u00f3n la Financiera y Apoyos T\u00fa Puedes Guanajuato, una alternativa para respaldar especialmente a j\u00f3venes y mujeres emprendedoras que hist\u00f3ricamente no ten\u00edan acceso al cr\u00e9dito.<\/p>\n\n\n\n<p class=\"wp-block-paragraph\">Adem\u00e1s, para quienes desean prepararse e incorporarse al mercado laboral, se cuenta con el Instituto Estatal de Capacitaci\u00f3n, con un modelo flexible, pr\u00e1ctico y accesible que responde a las necesidades reales de estudiantes, emprendedores, trabajadores y empresas.<\/p>\n\n\n\n<p class=\"wp-block-paragraph\">A ello se le suma el impulso decidido a las microcredenciales, herramientas modernas que permiten acreditar competencias espec\u00edficas, actualizar conocimientos y abrir nuevas oportunidades laborales en menos tiempo.<\/p>\n\n\n\n<p class=\"wp-block-paragraph\">\u201cPorque entendemos que el mundo est\u00e1 cambiando. Y que nuestros j\u00f3venes deben tener acceso a las habilidades que exige el presente y que demandar\u00e1 el futuro\u201d, dijo la Gobernadora Libia Dennise.<\/p>\n\n\n\n<p class=\"wp-block-paragraph\">Adem\u00e1s, hoy en Guanajuato estamos construyendo una nueva ruta de desarrollo econ\u00f3mico: Guanajuato Suma. Una nueva pol\u00edtica econ\u00f3mica que responde a los cambios de la econom\u00eda mundial, para que Guanajuato siga siendo l\u00edder y evolucione, expres\u00f3.<\/p>\n\n\n\n<p class=\"wp-block-paragraph\">En este evento estuvo presente Lorena Alfaro Garc\u00eda, Presidenta Municipal de Irapuato; Regina Trujillo, Directora del Instituto de las Juventudes; V\u00edctor Zanella Huerta, Diputado Local; Yesenia Rojas, Diputada Local; Diego Rodr\u00edguez Barroso, Diputado Federal; e integrantes del Gabinete del Gobierno de la Gente, as\u00ed como integrantes del Gabinete de las Juventudes.<\/p>\n","protected":false},"excerpt":{"rendered":"<p>Irapuato, Gto. 12 de agosto de 2026.- \u201cJ\u00f3venes de Guanajuato, hoy queremos decirles que creemos en ustedes, en su capacidad y en sus sue\u00f1os, creemos en su fuerza para transformar a Guanajuato. Aprovechen todas las puertas que se est\u00e1n abriendo. Atr\u00e9vanse a so\u00f1ar en grande\u201d, dijo la Gobernadora de la Gente, Libia Dennise Garc\u00eda Mu\u00f1oz [&hellip;]<\/p>\n","protected":false},"author":3,"featured_media":21647,"comment_status":"open","ping_status":"open","sticky":false,"template":"","format":"standard","meta":{"footnotes":""},"categories":[11,4],"tags":[],"class_list":["post-21646","post","type-post","status-publish","format-standard","has-post-thumbnail","hentry","category-estado","category-noticias"],"_links":{"self":[{"href":"https:\/\/asisucedegto.mx\/inicio\/wp-json\/wp\/v2\/posts\/21646","targetHints":{"allow":["GET"]}}],"collection":[{"href":"https:\/\/asisucedegto.mx\/inicio\/wp-json\/wp\/v2\/posts"}],"about":[{"href":"https:\/\/asisucedegto.mx\/inicio\/wp-json\/wp\/v2\/types\/post"}],"author":[{"embeddable":true,"href":"https:\/\/asisucedegto.mx\/inicio\/wp-json\/wp\/v2\/users\/3"}],"replies":[{"embeddable":true,"href":"https:\/\/asisucedegto.mx\/inicio\/wp-json\/wp\/v2\/comments?post=21646"}],"version-history":[{"count":1,"href":"https:\/\/asisucedegto.mx\/inicio\/wp-json\/wp\/v2\/posts\/21646\/revisions"}],"predecessor-version":[{"id":21648,"href":"https:\/\/asisucedegto.mx\/inicio\/wp-json\/wp\/v2\/posts\/21646\/revisions\/21648"}],"wp:featuredmedia":[{"embeddable":true,"href":"https:\/\/asisucedegto.mx\/inicio\/wp-json\/wp\/v2\/media\/21647"}],"wp:attachment":[{"href":"https:\/\/asisucedegto.mx\/inicio\/wp-json\/wp\/v2\/media?parent=21646"}],"wp:term":[{"taxonomy":"category","embeddable":true,"href":"https:\/\/asisucedegto.mx\/inicio\/wp-json\/wp\/v2\/categories?post=21646"},{"taxonomy":"post_tag","embeddable":true,"href":"https:\/\/asisucedegto.mx\/inicio\/wp-json\/wp\/v2\/tags?post=21646"}],"curies":[{"name":"wp","href":"https:\/\/api.w.org\/{rel}","templated":true}]}}