{"id":21649,"date":"2026-08-13T00:01:20","date_gmt":"2026-08-13T00:01:20","guid":{"rendered":"https:\/\/asisucedegto.mx\/inicio\/?p=21649"},"modified":"2026-08-13T00:22:32","modified_gmt":"2026-08-13T00:22:32","slug":"los-topos-de-tlatelolco-no-viajaran-a-colombia-al-no-ser-requerido-su-despliegue","status":"publish","type":"post","link":"https:\/\/asisucedegto.mx\/inicio\/los-topos-de-tlatelolco-no-viajaran-a-colombia-al-no-ser-requerido-su-despliegue\/","title":{"rendered":"Los Topos de Tlatelolco no viajar\u00e1n a Colombia al no ser requerido su despliegue"},"content":{"rendered":"\n<p class=\"wp-block-paragraph\">M\u00e9xico, 12 de Agosto de 2026.- <strong>La Brigada de Rescate Topos Tlatelolco<\/strong>\u00a0inform\u00f3 este mi\u00e9rcoles que no desplegar\u00e1 rescatistas en\u00a0<strong>Colombia<\/strong>\u00a0tras la decisi\u00f3n del Gobierno de ese pa\u00eds de no requerir su presencia despu\u00e9s del\u00a0<strong>terremoto<\/strong>\u00a0del lunes, por lo que concentrar\u00e1 sus esfuerzos en recolectar y\u00a0<strong>enviar ayuda humanitaria<\/strong>\u00a0desde M\u00e9xico.<\/p>\n\n\n\n<p class=\"wp-block-paragraph\">No obstante, el alcalde de&nbsp;<strong>Cali, Alejandro Eder<\/strong>, anunci\u00f3 este mismo mi\u00e9rcoles la llegada a la ciudad de una brigada de&nbsp;<strong>Los Topos Aztecas<\/strong>&nbsp;mexicanos.<\/p>\n\n\n\n<p class=\"wp-block-paragraph\">Se trata de un grupo distinto, que viaj\u00f3 desde&nbsp;<strong>Venezuela,<\/strong>&nbsp;donde participaron en las labores de rescate tras los terremotos de julio.<\/p>\n\n\n\n<p class=\"wp-block-paragraph\">Sin embargo, los&nbsp;<strong>Topos Tlateloco<\/strong>&nbsp;explicaron en un comunicado que permanecer\u00e1n fuera de la zona afectada en respeto a los protocolos de coordinaci\u00f3n operacional establecidos por las&nbsp;<strong>autoridades colombianas<\/strong>&nbsp;para gestionar la asistencia internacional.<\/p>\n\n\n\n<p class=\"wp-block-paragraph\">Ante la imposibilidad de participar directamente en las tareas de b\u00fasqueda y rescate, los&nbsp;<strong>Topos<\/strong>&nbsp;habilitaron un&nbsp;<strong>centro de acopio<\/strong>&nbsp;en la alcald\u00eda&nbsp;<strong>Iztapalapa<\/strong>, que recibir\u00e1 donaciones entre las 10:00 y las 20:00 h.<\/p>\n\n\n\n<p class=\"wp-block-paragraph\">La brigada solicit\u00f3 electrolitos en polvo, material m\u00e9dico de curaci\u00f3n, mascarillas N95, linternas frontales, alimentos no perecederos de f\u00e1cil apertura y herramientas para retirar escombros, entre otros insumos destinados a las zonas afectadas.<\/p>\n\n\n\n<p class=\"wp-block-paragraph\">Los&nbsp;<strong>Topos Tlatelolco<\/strong>&nbsp;surgieron como una organizaci\u00f3n voluntaria de b\u00fasqueda y rescate tras el devastador terremoto que golpe\u00f3&nbsp;<strong>Ciudad de M\u00e9xico<\/strong>&nbsp;en 1985 y desde entonces han participado en operaciones internacionales ante grandes desastres y estructuras colapsadas.<\/p>\n\n\n\n<h2 class=\"wp-block-heading\">M\u00e9xico s\u00ed env\u00eda ayuda oficial<\/h2>\n\n\n\n<p class=\"wp-block-paragraph\">La decisi\u00f3n sobre los rescatistas civiles se conoce el mismo d\u00eda en que el Gobierno mexicano comenz\u00f3 a enviar la&nbsp;<strong>ayuda humanitaria<\/strong>&nbsp;solicitada oficialmente por&nbsp;<strong>Colombia.<\/strong><\/p>\n\n\n\n<p class=\"wp-block-paragraph\">La presidenta de M\u00e9xico,&nbsp;<strong>Claudia Sheinbaum<\/strong>, inform\u00f3 que el Gobierno colombiano comunic\u00f3 a trav\u00e9s de la Secretar\u00eda de Relaciones Exteriores&nbsp;<strong>(SRE)<\/strong>&nbsp;los insumos que necesita para responder a la emergencia.<\/p>\n\n\n\n<p class=\"wp-block-paragraph\">Dos aeronaves de la&nbsp;<strong>Fuerza A\u00e9rea Mexicana<\/strong>&nbsp;despegaron este mi\u00e9rcoles desde el Aeropuerto Internacional Felipe \u00c1ngeles&nbsp;<strong>(AIFA)<\/strong>&nbsp;rumbo a&nbsp;<strong>Pereira<\/strong>&nbsp;con un primer cargamento de 19.5 toneladas de&nbsp;<strong>ayuda humanitaria<\/strong>&nbsp;y personal del Ej\u00e9rcito mexicano.<\/p>\n\n\n\n<p class=\"wp-block-paragraph\">M\u00e9xico prev\u00e9 enviar entre el 12 y el 14 de agosto un total de 58.5 toneladas, incluidas 2 mil 562 despensas, agua y medicamentos.<\/p>\n\n\n\n<p class=\"wp-block-paragraph\">El&nbsp;<strong>terremoto<\/strong>&nbsp;de magnitud 7.4 sacudi\u00f3&nbsp;<strong>Colombia<\/strong>&nbsp;el lunes y provoc\u00f3 graves da\u00f1os en distintas zonas del pa\u00eds, adem\u00e1s de centenares de muertos y heridos.<\/p>\n\n\n\n<p class=\"wp-block-paragraph\">Las autoridades colombianas coordinan la asistencia internacional mientras contin\u00faan las labores de b\u00fasqueda y atenci\u00f3n a las poblaciones afectadas.<\/p>\n\n\n\n<p class=\"wp-block-paragraph\"><strong>Los Topos<\/strong>&nbsp;se\u00f1alaron que, pese a no participar sobre el terreno, mantendr\u00e1n la recolecci\u00f3n de insumos en M\u00e9xico para contribuir a la respuesta humanitaria.<\/p>\n\n\n\n<p class=\"wp-block-paragraph\">https:\/\/x.com\/topos\/status\/2087606023280341469?ref_src=twsrc%5Etfw%7Ctwcamp%5Etweetembed%7Ctwterm%5E2087606023280341469%7Ctwgr%5E6cb50188bd1e799e1f807421483dcf9ce9469f85%7Ctwcon%5Es1_&#038;ref_url=https%3A%2F%2Flopezdoriga.com%2Fnacional%2Flos-topos-de-tlatelolco-no-viajaran-a-colombia-al-no-ser-requerido-su-despliegue%2F <\/p>\n\n\n\n<p class=\"wp-block-paragraph\"><\/p>\n","protected":false},"excerpt":{"rendered":"<p>M\u00e9xico, 12 de Agosto de 2026.- La Brigada de Rescate Topos Tlatelolco\u00a0inform\u00f3 este mi\u00e9rcoles que no desplegar\u00e1 rescatistas en\u00a0Colombia\u00a0tras la decisi\u00f3n del Gobierno de ese pa\u00eds de no requerir su presencia despu\u00e9s del\u00a0terremoto\u00a0del lunes, por lo que concentrar\u00e1 sus esfuerzos en recolectar y\u00a0enviar ayuda humanitaria\u00a0desde M\u00e9xico. No obstante, el alcalde de&nbsp;Cali, Alejandro Eder, anunci\u00f3 este [&hellip;]<\/p>\n","protected":false},"author":3,"featured_media":21650,"comment_status":"open","ping_status":"open","sticky":false,"template":"","format":"standard","meta":{"footnotes":""},"categories":[5,13,4],"tags":[],"class_list":["post-21649","post","type-post","status-publish","format-standard","has-post-thumbnail","hentry","category-internacional","category-nacional","category-noticias"],"_links":{"self":[{"href":"https:\/\/asisucedegto.mx\/inicio\/wp-json\/wp\/v2\/posts\/21649","targetHints":{"allow":["GET"]}}],"collection":[{"href":"https:\/\/asisucedegto.mx\/inicio\/wp-json\/wp\/v2\/posts"}],"about":[{"href":"https:\/\/asisucedegto.mx\/inicio\/wp-json\/wp\/v2\/types\/post"}],"author":[{"embeddable":true,"href":"https:\/\/asisucedegto.mx\/inicio\/wp-json\/wp\/v2\/users\/3"}],"replies":[{"embeddable":true,"href":"https:\/\/asisucedegto.mx\/inicio\/wp-json\/wp\/v2\/comments?post=21649"}],"version-history":[{"count":2,"href":"https:\/\/asisucedegto.mx\/inicio\/wp-json\/wp\/v2\/posts\/21649\/revisions"}],"predecessor-version":[{"id":21653,"href":"https:\/\/asisucedegto.mx\/inicio\/wp-json\/wp\/v2\/posts\/21649\/revisions\/21653"}],"wp:featuredmedia":[{"embeddable":true,"href":"https:\/\/asisucedegto.mx\/inicio\/wp-json\/wp\/v2\/media\/21650"}],"wp:attachment":[{"href":"https:\/\/asisucedegto.mx\/inicio\/wp-json\/wp\/v2\/media?parent=21649"}],"wp:term":[{"taxonomy":"category","embeddable":true,"href":"https:\/\/asisucedegto.mx\/inicio\/wp-json\/wp\/v2\/categories?post=21649"},{"taxonomy":"post_tag","embeddable":true,"href":"https:\/\/asisucedegto.mx\/inicio\/wp-json\/wp\/v2\/tags?post=21649"}],"curies":[{"name":"wp","href":"https:\/\/api.w.org\/{rel}","templated":true}]}}