{"id":21665,"date":"2026-08-13T14:57:45","date_gmt":"2026-08-13T14:57:45","guid":{"rendered":"https:\/\/asisucedegto.mx\/inicio\/?p=21665"},"modified":"2026-08-13T14:57:46","modified_gmt":"2026-08-13T14:57:46","slug":"mexico-regresa-a-36-mexicanos-afectados-por-terremoto-en-colombia","status":"publish","type":"post","link":"https:\/\/asisucedegto.mx\/inicio\/mexico-regresa-a-36-mexicanos-afectados-por-terremoto-en-colombia\/","title":{"rendered":"M\u00e9xico regresa a 36 mexicanos afectados por terremoto en Colombia"},"content":{"rendered":"\n<p class=\"wp-block-paragraph\"><strong>Nacional., 13 de agosto del 2026.<\/strong> El Gobierno de\u00a0<strong>M\u00e9xico repatri\u00f3<\/strong>\u00a0a un total de\u00a0<strong>36 ciudadanos mexicanos<\/strong>\u00a0que se encontraban en\u00a0<strong>condiciones de vulnerabilidad<\/strong>\u00a0en\u00a0<strong>Colombia<\/strong>\u00a0tras el\u00a0<strong>terremoto<\/strong>\u00a0<strong>de magnitud 7.4<\/strong>\u00a0del lunes 10 de agosto de 2026, mientras mantiene operativos de asistencia para facilitar la salida de m\u00e1s compatriotas del pa\u00eds sudamericano.<\/p>\n\n\n\n<p class=\"wp-block-paragraph\">En un&nbsp;<a href=\"https:\/\/www.gob.mx\/sre\/prensa\/gobierno-de-mexico-repatria-a-36-connacionales-afectados-por-el-sismo-en-colombia\" target=\"_blank\" rel=\"noreferrer noopener\">comunicado<\/a>&nbsp;este jueves 13 de agosto de 2026, la<strong>&nbsp;Secretar\u00eda de Relaciones Exteriores<\/strong>&nbsp;(<strong>SRE<\/strong>) precis\u00f3 que los 36 mexicanos llegaron a las 00:30 h local a la Base A\u00e9rea Militar de Santa Luc\u00eda, en el central Estado de M\u00e9xico.<\/p>\n\n\n\n<p class=\"wp-block-paragraph\">El grupo viaj\u00f3 desde el Aeropuerto Internacional Mateca\u00f1a, en la ciudad colombiana de Pereira, a bordo de un avi\u00f3n C-130 H\u00e9rcules de la<strong>\u00a0Fuerza A\u00e9rea Mexicana<\/strong>\u00a0(<strong>FAM<\/strong>).<br><br>Los repatriados estuvieron acompa\u00f1ados por personal de la Canciller\u00eda y de la Secretar\u00eda de la Defensa Nacional y \u201cse encuentran a salvo y en buen estado de salud\u201d, asegur\u00f3 la SRE.<\/p>\n\n\n\n<p class=\"wp-block-paragraph\">El secretario de Relaciones Exteriores, Roberto Velasco, agradeci\u00f3 a la Canciller\u00eda colombiana las gestiones realizadas para facilitar el regreso de los ciudadanos mexicanos.<\/p>\n\n\n\n<p class=\"wp-block-paragraph\">Contin\u00faa la asistencia a mexicanos<br><br>La&nbsp;<strong>Embajada de M\u00e9xico en Colombia<\/strong>&nbsp;mantiene contacto con los connacionales que permanecen en ese pa\u00eds y requieren asistencia tras el terremoto, seg\u00fan la Canciller\u00eda.<\/p>\n\n\n\n<p class=\"wp-block-paragraph\">Entre las acciones se encuentran las gestiones con aerol\u00edneas comerciales para facilitar su salida y la reubicaci\u00f3n de mexicanos que se hospedaban en hoteles que sufrieron da\u00f1os estructurales por el sismo.<\/p>\n\n\n\n<p class=\"wp-block-paragraph\">La repatriaci\u00f3n se produce despu\u00e9s de que M\u00e9xico comenzara el mi\u00e9rcoles el env\u00edo de ayuda humanitaria solicitada por el Gobierno colombiano para atender a la poblaci\u00f3n afectada.<\/p>\n\n\n\n<p class=\"wp-block-paragraph\">Dos aeronaves de la Fuerza A\u00e9rea Mexicana despegaron desde el Aeropuerto Internacional Felipe \u00c1ngeles (AIFA) con destino a Pereira con un primer cargamento de 19,5 toneladas de ayuda y personal del Ej\u00e9rcito.<\/p>\n\n\n\n<p class=\"wp-block-paragraph\">La presidenta mexicana, Claudia Sheinbaum, inform\u00f3 que entre el 12 y el 14 de agosto su pa\u00eds prev\u00e9 enviar un total de 58,5 toneladas de asistencia, incluidas 2.562 despensas, agua y medicamentos.<br><br>M\u00e9xico tambi\u00e9n activ\u00f3 desde las primeras horas posteriores al terremoto sus mecanismos de protecci\u00f3n consular, despu\u00e9s de que varios ciudadanos quedaran afectados por las interrupciones de transporte y los da\u00f1os provocados por el movimiento tel\u00farico.<\/p>\n\n\n\n<p class=\"wp-block-paragraph\">El terremoto de magnitud 7,4 sacudi\u00f3 el lunes buena parte de Colombia y caus\u00f3 graves da\u00f1os materiales y centenares de v\u00edctimas, especialmente en el oeste del pa\u00eds.<\/p>\n\n\n\n<p class=\"wp-block-paragraph\">Con informaci\u00f3n de <strong>EFE<\/strong>.<\/p>\n","protected":false},"excerpt":{"rendered":"<p>Nacional., 13 de agosto del 2026. El Gobierno de\u00a0M\u00e9xico repatri\u00f3\u00a0a un total de\u00a036 ciudadanos mexicanos\u00a0que se encontraban en\u00a0condiciones de vulnerabilidad\u00a0en\u00a0Colombia\u00a0tras el\u00a0terremoto\u00a0de magnitud 7.4\u00a0del lunes 10 de agosto de 2026, mientras mantiene operativos de asistencia para facilitar la salida de m\u00e1s compatriotas del pa\u00eds sudamericano. En un&nbsp;comunicado&nbsp;este jueves 13 de agosto de 2026, la&nbsp;Secretar\u00eda de Relaciones [&hellip;]<\/p>\n","protected":false},"author":3,"featured_media":21666,"comment_status":"open","ping_status":"open","sticky":false,"template":"","format":"standard","meta":{"footnotes":""},"categories":[5,4],"tags":[],"class_list":["post-21665","post","type-post","status-publish","format-standard","has-post-thumbnail","hentry","category-internacional","category-noticias"],"_links":{"self":[{"href":"https:\/\/asisucedegto.mx\/inicio\/wp-json\/wp\/v2\/posts\/21665","targetHints":{"allow":["GET"]}}],"collection":[{"href":"https:\/\/asisucedegto.mx\/inicio\/wp-json\/wp\/v2\/posts"}],"about":[{"href":"https:\/\/asisucedegto.mx\/inicio\/wp-json\/wp\/v2\/types\/post"}],"author":[{"embeddable":true,"href":"https:\/\/asisucedegto.mx\/inicio\/wp-json\/wp\/v2\/users\/3"}],"replies":[{"embeddable":true,"href":"https:\/\/asisucedegto.mx\/inicio\/wp-json\/wp\/v2\/comments?post=21665"}],"version-history":[{"count":1,"href":"https:\/\/asisucedegto.mx\/inicio\/wp-json\/wp\/v2\/posts\/21665\/revisions"}],"predecessor-version":[{"id":21667,"href":"https:\/\/asisucedegto.mx\/inicio\/wp-json\/wp\/v2\/posts\/21665\/revisions\/21667"}],"wp:featuredmedia":[{"embeddable":true,"href":"https:\/\/asisucedegto.mx\/inicio\/wp-json\/wp\/v2\/media\/21666"}],"wp:attachment":[{"href":"https:\/\/asisucedegto.mx\/inicio\/wp-json\/wp\/v2\/media?parent=21665"}],"wp:term":[{"taxonomy":"category","embeddable":true,"href":"https:\/\/asisucedegto.mx\/inicio\/wp-json\/wp\/v2\/categories?post=21665"},{"taxonomy":"post_tag","embeddable":true,"href":"https:\/\/asisucedegto.mx\/inicio\/wp-json\/wp\/v2\/tags?post=21665"}],"curies":[{"name":"wp","href":"https:\/\/api.w.org\/{rel}","templated":true}]}}