{"id":21668,"date":"2026-08-13T15:07:49","date_gmt":"2026-08-13T15:07:49","guid":{"rendered":"https:\/\/asisucedegto.mx\/inicio\/?p=21668"},"modified":"2026-08-13T15:07:50","modified_gmt":"2026-08-13T15:07:50","slug":"sheinbaum-confirma-que-rescatistas-mexicanos-no-viajaron-a-colombia-tras-terremoto","status":"publish","type":"post","link":"https:\/\/asisucedegto.mx\/inicio\/sheinbaum-confirma-que-rescatistas-mexicanos-no-viajaron-a-colombia-tras-terremoto\/","title":{"rendered":"Sheinbaum confirma que rescatistas mexicanos no viajaron a Colombia tras terremoto"},"content":{"rendered":"\n<p class=\"wp-block-paragraph\"><strong>Nacional., 13 de agosto del 2026.<\/strong> La presidenta\u00a0<a href=\"https:\/\/x.com\/Claudiashein\" target=\"_blank\" rel=\"noreferrer noopener\"><strong>Claudia<\/strong><\/a><strong>\u00a0Sheinbaum Pardo<\/strong>\u00a0confirm\u00f3 que\u00a0<strong>rescatistas<\/strong>\u00a0del\u00a0<strong>Ej\u00e9rcito mexicano no viajaron<\/strong>\u00a0a\u00a0<strong>Colombia<\/strong>, tras del<strong>\u00a0terremoto magnitud 7.4<\/strong>\u00a0del lunes 10 de agosto de 2026.<\/p>\n\n\n\n<p class=\"wp-block-paragraph\">En la conferencia matutina de Palacio Nacional, Sheinbaum Pardo indic\u00f3 que dicha brigada no viaj\u00f3 al pa\u00eds sudamericano por una falta de certificaci\u00f3n que pidi\u00f3 el Gobierno colombiano.<\/p>\n\n\n\n<blockquote class=\"wp-block-quote is-layout-flow wp-block-quote-is-layout-flow\">\n<p class=\"wp-block-paragraph\">\u201cPidieron certificaci\u00f3n por parte de Colombia. Est\u00e1n certificados, pero ahora piden otra certificaci\u00f3n\u201d, indic\u00f3.<\/p>\n<\/blockquote>\n\n\n\n<p class=\"wp-block-paragraph\"><br>\u201cAclarar que la brigada de la\u00a0<strong>Secretar\u00eda de la Defensa Nacional<\/strong>\u00a0de rescatistas pues no fue aprobada por el gobierno de Colombia. Est\u00e1 lista para salir en cualquier momento. Han ido a 98 pa\u00edses a rescatar y a trabajar por la gente solidariamente\u201d, puntualiz\u00f3 Sheinbaum Pardo.<br><br>La mandataria mexicana indic\u00f3 que ya se envi\u00f3 ayuda humanitaria a Colombia, tras el terremoto que ha dejado un saldo de m\u00e1s de 260 personas muertas y tres mil 500 heridos.<\/p>\n\n\n\n<p class=\"wp-block-paragraph\">\u201cEstamos llevando a trav\u00e9s de aviones H\u00e9rcules despensas, insumos m\u00e9dicos y otras cosas que solicitaron\u201d, se\u00f1al\u00f3.<\/p>\n\n\n\n<p class=\"wp-block-paragraph\">Dos aeronaves de la Fuerza A\u00e9rea Mexicana (FAM )despegaron en la previa desde el Aeropuerto Internacional Felipe \u00c1ngeles (AIFA) con destino a Pereira, Colombia, con un primer cargamento de 19,5 toneladas de ayuda humanitaria, tras el terremoto de magnitud 7.4 del lunes 10 de agosto.<\/p>\n\n\n\n<p class=\"wp-block-paragraph\">La mandataria mexicana inform\u00f3 que entre el 12 y el 14 de agosto M\u00e9xico prev\u00e9 enviar un total de 58.5 toneladas de asistencia, incluidas un total de dos mil 562 despensas, agua y medicamentos.<br><br>M\u00e9xico tambi\u00e9n activ\u00f3 desde las primeras horas posteriores al terremoto sus mecanismos de protecci\u00f3n consular, despu\u00e9s de que varios ciudadanos quedaran afectados por las interrupciones de transporte y los da\u00f1os provocados por el movimiento tel\u00farico.<\/p>\n\n\n\n<p class=\"wp-block-paragraph\">Con informaci\u00f3n de <strong>L\u00f3pez-D\u00f3riga Digital.<\/strong><\/p>\n","protected":false},"excerpt":{"rendered":"<p>Nacional., 13 de agosto del 2026. La presidenta\u00a0Claudia\u00a0Sheinbaum Pardo\u00a0confirm\u00f3 que\u00a0rescatistas\u00a0del\u00a0Ej\u00e9rcito mexicano no viajaron\u00a0a\u00a0Colombia, tras del\u00a0terremoto magnitud 7.4\u00a0del lunes 10 de agosto de 2026. En la conferencia matutina de Palacio Nacional, Sheinbaum Pardo indic\u00f3 que dicha brigada no viaj\u00f3 al pa\u00eds sudamericano por una falta de certificaci\u00f3n que pidi\u00f3 el Gobierno colombiano. \u201cPidieron certificaci\u00f3n por parte [&hellip;]<\/p>\n","protected":false},"author":3,"featured_media":21669,"comment_status":"open","ping_status":"open","sticky":false,"template":"","format":"standard","meta":{"footnotes":""},"categories":[13,4],"tags":[],"class_list":["post-21668","post","type-post","status-publish","format-standard","has-post-thumbnail","hentry","category-nacional","category-noticias"],"_links":{"self":[{"href":"https:\/\/asisucedegto.mx\/inicio\/wp-json\/wp\/v2\/posts\/21668","targetHints":{"allow":["GET"]}}],"collection":[{"href":"https:\/\/asisucedegto.mx\/inicio\/wp-json\/wp\/v2\/posts"}],"about":[{"href":"https:\/\/asisucedegto.mx\/inicio\/wp-json\/wp\/v2\/types\/post"}],"author":[{"embeddable":true,"href":"https:\/\/asisucedegto.mx\/inicio\/wp-json\/wp\/v2\/users\/3"}],"replies":[{"embeddable":true,"href":"https:\/\/asisucedegto.mx\/inicio\/wp-json\/wp\/v2\/comments?post=21668"}],"version-history":[{"count":1,"href":"https:\/\/asisucedegto.mx\/inicio\/wp-json\/wp\/v2\/posts\/21668\/revisions"}],"predecessor-version":[{"id":21670,"href":"https:\/\/asisucedegto.mx\/inicio\/wp-json\/wp\/v2\/posts\/21668\/revisions\/21670"}],"wp:featuredmedia":[{"embeddable":true,"href":"https:\/\/asisucedegto.mx\/inicio\/wp-json\/wp\/v2\/media\/21669"}],"wp:attachment":[{"href":"https:\/\/asisucedegto.mx\/inicio\/wp-json\/wp\/v2\/media?parent=21668"}],"wp:term":[{"taxonomy":"category","embeddable":true,"href":"https:\/\/asisucedegto.mx\/inicio\/wp-json\/wp\/v2\/categories?post=21668"},{"taxonomy":"post_tag","embeddable":true,"href":"https:\/\/asisucedegto.mx\/inicio\/wp-json\/wp\/v2\/tags?post=21668"}],"curies":[{"name":"wp","href":"https:\/\/api.w.org\/{rel}","templated":true}]}}