{"id":21687,"date":"2026-08-13T18:36:15","date_gmt":"2026-08-13T18:36:15","guid":{"rendered":"https:\/\/asisucedegto.mx\/inicio\/?p=21687"},"modified":"2026-08-13T18:36:15","modified_gmt":"2026-08-13T18:36:15","slug":"motociclista-muere-tras-ser-arrollado-por-una-grua-en-celaya","status":"publish","type":"post","link":"https:\/\/asisucedegto.mx\/inicio\/motociclista-muere-tras-ser-arrollado-por-una-grua-en-celaya\/","title":{"rendered":"Motociclista muere tras ser arrollado por una gr\u00faa en Celaya"},"content":{"rendered":"\n<p class=\"wp-block-paragraph\"><strong>Celaya, Gto., 13 de agosto del 2026<\/strong>.- Sin que hasta el momento se conozca su identidad, un hombre que viajaba a bordo de una motocicleta perdi\u00f3 la vida luego de verse involucrado en un accidente contra una unidad tipo gr\u00faa sobre la avenida L\u00e1zaro C\u00e1rdenas.<\/p>\n\n\n\n<p class=\"wp-block-paragraph\">El hecho ocurri\u00f3 en las inmediaciones de las colonias El Romeral y Las Flores, espec\u00edficamente en el cruce con la calle Nochebuena, donde el motociclista qued\u00f3 tendido sobre el pavimento junto a su veh\u00edculo.<\/p>\n\n\n\n<p class=\"wp-block-paragraph\">De acuerdo con los primeros informes, la unidad pesada circulaba por la zona con direcci\u00f3n hacia la salida a Salvatierra y, presuntamente, su conductor habr\u00eda ignorado la se\u00f1al de alto, ocasionando el impacto contra el motociclista. Esta versi\u00f3n a\u00fan deber\u00e1 ser corroborada mediante las investigaciones.<\/p>\n\n\n\n<p class=\"wp-block-paragraph\">La movilizaci\u00f3n de los cuerpos de emergencia no se hizo esperar. Param\u00e9dicos acudieron al lugar y encontraron al hombre a un costado de una motocicleta negra; despu\u00e9s de valorarlo, confirmaron que ya no presentaba signos vitales.<\/p>\n\n\n\n<p class=\"wp-block-paragraph\">Elementos de Tr\u00e1nsito y Polic\u00eda Vial delimitaron el \u00e1rea para evitar el paso de veh\u00edculos y preservar la escena, mientras se notificaba a la Fiscal\u00eda General del Estado.<\/p>\n\n\n\n<p class=\"wp-block-paragraph\">Posteriormente, peritos y agentes de investigaci\u00f3n se encargaron de levantar los indicios necesarios para reconstruir la mec\u00e1nica del accidente y establecer qu\u00e9 ocurri\u00f3 momentos antes de la colisi\u00f3n.<\/p>\n\n\n\n<p class=\"wp-block-paragraph\">El cuerpo de la v\u00edctima fue trasladado para los estudios correspondientes, mientras las autoridades trabajan en su identificaci\u00f3n y en determinar si existe responsabilidad por parte del conductor de la gr\u00faa.<\/p>\n","protected":false},"excerpt":{"rendered":"<p>Celaya, Gto., 13 de agosto del 2026.- Sin que hasta el momento se conozca su identidad, un hombre que viajaba a bordo de una motocicleta perdi\u00f3 la vida luego de verse involucrado en un accidente contra una unidad tipo gr\u00faa sobre la avenida L\u00e1zaro C\u00e1rdenas. El hecho ocurri\u00f3 en las inmediaciones de las colonias El [&hellip;]<\/p>\n","protected":false},"author":3,"featured_media":21689,"comment_status":"open","ping_status":"open","sticky":false,"template":"","format":"standard","meta":{"footnotes":""},"categories":[7,4,6],"tags":[],"class_list":["post-21687","post","type-post","status-publish","format-standard","has-post-thumbnail","hentry","category-celaya","category-noticias","category-policiaca"],"_links":{"self":[{"href":"https:\/\/asisucedegto.mx\/inicio\/wp-json\/wp\/v2\/posts\/21687","targetHints":{"allow":["GET"]}}],"collection":[{"href":"https:\/\/asisucedegto.mx\/inicio\/wp-json\/wp\/v2\/posts"}],"about":[{"href":"https:\/\/asisucedegto.mx\/inicio\/wp-json\/wp\/v2\/types\/post"}],"author":[{"embeddable":true,"href":"https:\/\/asisucedegto.mx\/inicio\/wp-json\/wp\/v2\/users\/3"}],"replies":[{"embeddable":true,"href":"https:\/\/asisucedegto.mx\/inicio\/wp-json\/wp\/v2\/comments?post=21687"}],"version-history":[{"count":1,"href":"https:\/\/asisucedegto.mx\/inicio\/wp-json\/wp\/v2\/posts\/21687\/revisions"}],"predecessor-version":[{"id":21690,"href":"https:\/\/asisucedegto.mx\/inicio\/wp-json\/wp\/v2\/posts\/21687\/revisions\/21690"}],"wp:featuredmedia":[{"embeddable":true,"href":"https:\/\/asisucedegto.mx\/inicio\/wp-json\/wp\/v2\/media\/21689"}],"wp:attachment":[{"href":"https:\/\/asisucedegto.mx\/inicio\/wp-json\/wp\/v2\/media?parent=21687"}],"wp:term":[{"taxonomy":"category","embeddable":true,"href":"https:\/\/asisucedegto.mx\/inicio\/wp-json\/wp\/v2\/categories?post=21687"},{"taxonomy":"post_tag","embeddable":true,"href":"https:\/\/asisucedegto.mx\/inicio\/wp-json\/wp\/v2\/tags?post=21687"}],"curies":[{"name":"wp","href":"https:\/\/api.w.org\/{rel}","templated":true}]}}