{"id":21688,"date":"2026-08-13T19:01:20","date_gmt":"2026-08-13T19:01:20","guid":{"rendered":"https:\/\/asisucedegto.mx\/inicio\/?p=21688"},"modified":"2026-08-13T19:01:21","modified_gmt":"2026-08-13T19:01:21","slug":"lo-vinculan-a-proceso-por-probable-responsabilidad-de-feminicidio-en-grado-de-tentativa-en-irapuato","status":"publish","type":"post","link":"https:\/\/asisucedegto.mx\/inicio\/lo-vinculan-a-proceso-por-probable-responsabilidad-de-feminicidio-en-grado-de-tentativa-en-irapuato\/","title":{"rendered":"Lo vinculan a proceso por probable responsabilidad de feminicidio en grado de tentativa en Irapuato"},"content":{"rendered":"\n<p class=\"wp-block-paragraph\"><strong>Irapuato, Gto., 13 de Agosto del 2026.-<\/strong> La Fiscal\u00eda Especializada en Investigaci\u00f3n de Delitos Cometidos en Contra de Mujeres por Razones de G\u00e9nero (FEIDEM) obtuvo la vinculaci\u00f3n a proceso de RA\u00daL \u201cN\u201d, se\u00f1alado como probable responsable del delito de feminicidio en grado de tentativa, ocurrido en el municipio de Irapuato.<\/p>\n\n\n\n<p class=\"wp-block-paragraph\">De acuerdo con los datos de prueba presentados por una agente del Ministerio P\u00fablico ante la autoridad judicial, los hechos ocurrieron durante la madrugada del 31 de julio de 2026, en un asentamiento ubicado en las inmediaciones del paso desnivel de Irapuato, donde el imputado y la v\u00edctima se encontraban. En ese lugar, el acusado habr\u00eda iniciado una agresi\u00f3n verbal contra la mujer y posteriormente le prendi\u00f3 fuego tras arrojarle thinner.<\/p>\n\n\n\n<p class=\"wp-block-paragraph\">La v\u00edctima logr\u00f3 salir del lugar y apagar el fuego con agua, para posteriormente solicitar ayuda y recibir atenci\u00f3n m\u00e9dica por las quemaduras que present\u00f3 en distintas partes del cuerpo. A partir de la investigaci\u00f3n desarrollada por la FEIDEM, se reunieron los elementos necesarios para llevar el caso ante la autoridad judicial.<\/p>\n\n\n\n<p class=\"wp-block-paragraph\">Durante la audiencia, el Juez determin\u00f3 vincular a proceso a RA\u00daL \u201cN\u201d por el delito de feminicidio en grado de tentativa y estableci\u00f3 como plazo para el cierre de la investigaci\u00f3n. Como medida cautelar, la autoridad judicial impuso la prisi\u00f3n preventiva.<\/p>\n","protected":false},"excerpt":{"rendered":"<p>Irapuato, Gto., 13 de Agosto del 2026.- La Fiscal\u00eda Especializada en Investigaci\u00f3n de Delitos Cometidos en Contra de Mujeres por Razones de G\u00e9nero (FEIDEM) obtuvo la vinculaci\u00f3n a proceso de RA\u00daL \u201cN\u201d, se\u00f1alado como probable responsable del delito de feminicidio en grado de tentativa, ocurrido en el municipio de Irapuato. De acuerdo con los datos [&hellip;]<\/p>\n","protected":false},"author":3,"featured_media":21691,"comment_status":"open","ping_status":"open","sticky":false,"template":"","format":"standard","meta":{"footnotes":""},"categories":[9,4,131,6,10],"tags":[],"class_list":["post-21688","post","type-post","status-publish","format-standard","has-post-thumbnail","hentry","category-irapuato","category-noticias","category-municipios","category-policiaca","category-seguridad"],"_links":{"self":[{"href":"https:\/\/asisucedegto.mx\/inicio\/wp-json\/wp\/v2\/posts\/21688","targetHints":{"allow":["GET"]}}],"collection":[{"href":"https:\/\/asisucedegto.mx\/inicio\/wp-json\/wp\/v2\/posts"}],"about":[{"href":"https:\/\/asisucedegto.mx\/inicio\/wp-json\/wp\/v2\/types\/post"}],"author":[{"embeddable":true,"href":"https:\/\/asisucedegto.mx\/inicio\/wp-json\/wp\/v2\/users\/3"}],"replies":[{"embeddable":true,"href":"https:\/\/asisucedegto.mx\/inicio\/wp-json\/wp\/v2\/comments?post=21688"}],"version-history":[{"count":1,"href":"https:\/\/asisucedegto.mx\/inicio\/wp-json\/wp\/v2\/posts\/21688\/revisions"}],"predecessor-version":[{"id":21692,"href":"https:\/\/asisucedegto.mx\/inicio\/wp-json\/wp\/v2\/posts\/21688\/revisions\/21692"}],"wp:featuredmedia":[{"embeddable":true,"href":"https:\/\/asisucedegto.mx\/inicio\/wp-json\/wp\/v2\/media\/21691"}],"wp:attachment":[{"href":"https:\/\/asisucedegto.mx\/inicio\/wp-json\/wp\/v2\/media?parent=21688"}],"wp:term":[{"taxonomy":"category","embeddable":true,"href":"https:\/\/asisucedegto.mx\/inicio\/wp-json\/wp\/v2\/categories?post=21688"},{"taxonomy":"post_tag","embeddable":true,"href":"https:\/\/asisucedegto.mx\/inicio\/wp-json\/wp\/v2\/tags?post=21688"}],"curies":[{"name":"wp","href":"https:\/\/api.w.org\/{rel}","templated":true}]}}