{"id":21703,"date":"2026-08-13T20:58:06","date_gmt":"2026-08-13T20:58:06","guid":{"rendered":"https:\/\/asisucedegto.mx\/inicio\/?p=21703"},"modified":"2026-08-13T20:58:06","modified_gmt":"2026-08-13T20:58:06","slug":"explosion-en-polvorin-de-suchitlan-habria-sido-provocada-por-exposicion-de-polvora-al-sol","status":"publish","type":"post","link":"https:\/\/asisucedegto.mx\/inicio\/explosion-en-polvorin-de-suchitlan-habria-sido-provocada-por-exposicion-de-polvora-al-sol\/","title":{"rendered":"Explosi\u00f3n en polvor\u00edn de Suchitl\u00e1n habr\u00eda sido provocada por exposici\u00f3n de p\u00f3lvora al sol"},"content":{"rendered":"\n<p class=\"wp-block-paragraph\"><strong>Villagr\u00e1n, Gto., 13 de Agosto del 2026.- <\/strong>La exposici\u00f3n directa de p\u00f3lvora a los rayos del sol ser\u00eda, de manera preliminar, una de las posibles causas de la explosi\u00f3n registrada este jueves en un polvor\u00edn de la comunidad de Suchitl\u00e1n; sin embargo, hasta el momento esta versi\u00f3n no ha sido confirmada oficialmente por las autoridades.<\/p>\n\n\n\n<p class=\"wp-block-paragraph\">El estruendo ocurri\u00f3 durante la tarde sobre un camino de terracer\u00eda ubicado cerca del polvor\u00edn, en la entrada a la comunidad, lo que gener\u00f3 la movilizaci\u00f3n de cuerpos de emergencia ante el reporte de una posible detonaci\u00f3n.<\/p>\n\n\n\n<p class=\"wp-block-paragraph\">De acuerdo con versiones preliminares, material elaborado con p\u00f3lvora habr\u00eda sido colocado en el exterior de los polvorines para su secado y, al permanecer expuesto directamente al sol, presuntamente se habr\u00eda producido el estallido.<\/p>\n\n\n\n<p class=\"wp-block-paragraph\">A pesar de la fuerza de la detonaci\u00f3n, las primeras inspecciones permitieron establecer que no hubo personas lesionadas ni da\u00f1os materiales, por lo que el incidente dej\u00f3 saldo blanco.<\/p>\n\n\n\n<p class=\"wp-block-paragraph\">Las autoridades acudieron para revisar el sitio y descartar alg\u00fan riesgo adicional, mientras se espera que el gobierno municipal o las instancias correspondientes emitan informaci\u00f3n oficial que permita esclarecer c\u00f3mo ocurri\u00f3 la explosi\u00f3n.<\/p>\n\n\n\n<p class=\"wp-block-paragraph\">Por ahora, la exposici\u00f3n de la p\u00f3lvora al sol permanece \u00fanicamente como una l\u00ednea preliminar sobre el origen del estallido, a la espera de que las autoridades determinen y confirmen las causas reales del incidente.<\/p>\n","protected":false},"excerpt":{"rendered":"<p>Villagr\u00e1n, Gto., 13 de Agosto del 2026.- La exposici\u00f3n directa de p\u00f3lvora a los rayos del sol ser\u00eda, de manera preliminar, una de las posibles causas de la explosi\u00f3n registrada este jueves en un polvor\u00edn de la comunidad de Suchitl\u00e1n; sin embargo, hasta el momento esta versi\u00f3n no ha sido confirmada oficialmente por las autoridades. [&hellip;]<\/p>\n","protected":false},"author":3,"featured_media":21705,"comment_status":"open","ping_status":"open","sticky":false,"template":"","format":"standard","meta":{"footnotes":""},"categories":[12,4,131,6,10],"tags":[],"class_list":["post-21703","post","type-post","status-publish","format-standard","has-post-thumbnail","hentry","category-laja-bajio","category-noticias","category-municipios","category-policiaca","category-seguridad"],"_links":{"self":[{"href":"https:\/\/asisucedegto.mx\/inicio\/wp-json\/wp\/v2\/posts\/21703","targetHints":{"allow":["GET"]}}],"collection":[{"href":"https:\/\/asisucedegto.mx\/inicio\/wp-json\/wp\/v2\/posts"}],"about":[{"href":"https:\/\/asisucedegto.mx\/inicio\/wp-json\/wp\/v2\/types\/post"}],"author":[{"embeddable":true,"href":"https:\/\/asisucedegto.mx\/inicio\/wp-json\/wp\/v2\/users\/3"}],"replies":[{"embeddable":true,"href":"https:\/\/asisucedegto.mx\/inicio\/wp-json\/wp\/v2\/comments?post=21703"}],"version-history":[{"count":1,"href":"https:\/\/asisucedegto.mx\/inicio\/wp-json\/wp\/v2\/posts\/21703\/revisions"}],"predecessor-version":[{"id":21706,"href":"https:\/\/asisucedegto.mx\/inicio\/wp-json\/wp\/v2\/posts\/21703\/revisions\/21706"}],"wp:featuredmedia":[{"embeddable":true,"href":"https:\/\/asisucedegto.mx\/inicio\/wp-json\/wp\/v2\/media\/21705"}],"wp:attachment":[{"href":"https:\/\/asisucedegto.mx\/inicio\/wp-json\/wp\/v2\/media?parent=21703"}],"wp:term":[{"taxonomy":"category","embeddable":true,"href":"https:\/\/asisucedegto.mx\/inicio\/wp-json\/wp\/v2\/categories?post=21703"},{"taxonomy":"post_tag","embeddable":true,"href":"https:\/\/asisucedegto.mx\/inicio\/wp-json\/wp\/v2\/tags?post=21703"}],"curies":[{"name":"wp","href":"https:\/\/api.w.org\/{rel}","templated":true}]}}