{"id":21707,"date":"2026-08-13T22:15:20","date_gmt":"2026-08-13T22:15:20","guid":{"rendered":"https:\/\/asisucedegto.mx\/inicio\/?p=21707"},"modified":"2026-08-13T22:15:20","modified_gmt":"2026-08-13T22:15:20","slug":"mexico-envia-segundo-cargamento-de-ayuda-humanitaria-a-colombia","status":"publish","type":"post","link":"https:\/\/asisucedegto.mx\/inicio\/mexico-envia-segundo-cargamento-de-ayuda-humanitaria-a-colombia\/","title":{"rendered":"M\u00e9xico env\u00eda segundo cargamento de ayuda humanitaria a Colombia"},"content":{"rendered":"\n<p class=\"wp-block-paragraph\"><strong>M\u00e9xico, 13 de Agosto de 2026.-<\/strong> La\u00a0<strong>Secretar\u00eda de la\u00a0Defensa\u00a0Nacional<\/strong>\u00a0concret\u00f3 el\u00a0<strong>segundo env\u00edo<\/strong>\u00a0de\u00a0<strong>ayuda humanitaria<\/strong>\u00a0a\u00a0<strong>Colombia<\/strong>, con el prop\u00f3sito de brindar apoyo a la poblaci\u00f3n afectada por el\u00a0<strong>terremoto<\/strong>\u00a0<strong>de magnitud 7.4<\/strong>\u00a0registrado la ma\u00f1ana del lunes 10 de agosto de 2026.<\/p>\n\n\n\n<p class=\"wp-block-paragraph\">En un comunicado se indic\u00f3 que en punto de las 07:30 h de este jueves 13 de agosto, despegaron desde la&nbsp;<strong>Base A\u00e9rea Militar de Santa Luc\u00eda<\/strong>, ubicada en el Estado de M\u00e9xico, dos aeronaves de la&nbsp;<strong>Fuerza A\u00e9rea Mexicana<\/strong>&nbsp;(<strong>FAM<\/strong>) con 19 militares a bordo.<\/p>\n\n\n\n<p class=\"wp-block-paragraph\">Dichas aeronaves tienen como destino el Aeropuerto Internacional Mateca\u00f1a, ubicado en la ciudad de Pereira, Departamento de Risaralda, Colombia. La carga transportada en este segundo operativo consta de:<\/p>\n\n\n\n<ul class=\"wp-block-list\">\n<li>650 despensas de alimentos, equivalentes a 15 toneladas de v\u00edveres.<\/li>\n\n\n\n<li>Cuatro toneladas de insumos m\u00e9dicos, integradas por medicamentos y material de curaci\u00f3n.<\/li>\n<\/ul>\n\n\n\n<p class=\"wp-block-paragraph\">Se indic\u00f3 que con este segundo env\u00edo ya suman ya 38.5 toneladas de ayuda humanitaria para las zonas afectadas por el terremoto en Colombia.<\/p>\n\n\n\n<p class=\"wp-block-paragraph\">\u201cEsta labor del personal del Ej\u00e9rcito, Fuerza A\u00e9rea y Guardia Nacional no solo refleja la gran capacidad operativa y log\u00edstica de la Secretar\u00eda de la Defensa Nacional, sino que demuestra que la solidaridad mexicana no conoce fronteras cuando se trata de apoyar a los pa\u00edses hermanos que m\u00e1s lo necesitan\u201d, indic\u00f3 la dependencia federal en un comunicado.<\/p>\n\n\n\n<p class=\"wp-block-paragraph\">El terremoto de magnitud 7.4 que sacudi\u00f3 el lunes buena parte de Colombia ha dejado hasta el momento un saldo de 273 muertos, tres mil 824 heridos y 377 desaparecidos, mientras un nuevo sismo estremeci\u00f3 este jueves 13 de agosto la zona del epicentro y crece la llegada de ayuda internacional.<\/p>\n\n\n\n<p class=\"wp-block-paragraph\">El nuevo balance, divulgado este jueves por la Unidad Nacional para la Gesti\u00f3n del Riesgo de Desastres (UNGRD), reduce de 496 a 377 el n\u00famero de desaparecidos y cifra en 40 mil 753 las familias afectadas, 12 mil 584 las viviendas destruidas y 74 mil 873 las averiadas. Adem\u00e1s, reporta 172 edificios colapsados, dos mil 198 centros educativos y 216 centros de salud afectados.<\/p>\n\n\n\n<p class=\"wp-block-paragraph\">Aunque los da\u00f1os se extienden por buena parte del pa\u00eds, los departamentos de Valle del Cauca, Choc\u00f3, Risaralda y Caldas, en el oeste y centro-oeste colombiano, concentran las situaciones m\u00e1s cr\u00edticas tras el terremoto, cuyo epicentro estuvo en San Jos\u00e9 del Palmar, en el Choc\u00f3.<\/p>\n\n\n\n<p class=\"wp-block-paragraph\">Con informaci\u00f3n de L\u00f3pez-D\u00f3riga Digital<\/p>\n\n\n\n<p class=\"wp-block-paragraph\"><\/p>\n","protected":false},"excerpt":{"rendered":"<p>M\u00e9xico, 13 de Agosto de 2026.- La\u00a0Secretar\u00eda de la\u00a0Defensa\u00a0Nacional\u00a0concret\u00f3 el\u00a0segundo env\u00edo\u00a0de\u00a0ayuda humanitaria\u00a0a\u00a0Colombia, con el prop\u00f3sito de brindar apoyo a la poblaci\u00f3n afectada por el\u00a0terremoto\u00a0de magnitud 7.4\u00a0registrado la ma\u00f1ana del lunes 10 de agosto de 2026. En un comunicado se indic\u00f3 que en punto de las 07:30 h de este jueves 13 de agosto, despegaron desde [&hellip;]<\/p>\n","protected":false},"author":3,"featured_media":21708,"comment_status":"open","ping_status":"open","sticky":false,"template":"","format":"standard","meta":{"footnotes":""},"categories":[13,4],"tags":[],"class_list":["post-21707","post","type-post","status-publish","format-standard","has-post-thumbnail","hentry","category-nacional","category-noticias"],"_links":{"self":[{"href":"https:\/\/asisucedegto.mx\/inicio\/wp-json\/wp\/v2\/posts\/21707","targetHints":{"allow":["GET"]}}],"collection":[{"href":"https:\/\/asisucedegto.mx\/inicio\/wp-json\/wp\/v2\/posts"}],"about":[{"href":"https:\/\/asisucedegto.mx\/inicio\/wp-json\/wp\/v2\/types\/post"}],"author":[{"embeddable":true,"href":"https:\/\/asisucedegto.mx\/inicio\/wp-json\/wp\/v2\/users\/3"}],"replies":[{"embeddable":true,"href":"https:\/\/asisucedegto.mx\/inicio\/wp-json\/wp\/v2\/comments?post=21707"}],"version-history":[{"count":1,"href":"https:\/\/asisucedegto.mx\/inicio\/wp-json\/wp\/v2\/posts\/21707\/revisions"}],"predecessor-version":[{"id":21709,"href":"https:\/\/asisucedegto.mx\/inicio\/wp-json\/wp\/v2\/posts\/21707\/revisions\/21709"}],"wp:featuredmedia":[{"embeddable":true,"href":"https:\/\/asisucedegto.mx\/inicio\/wp-json\/wp\/v2\/media\/21708"}],"wp:attachment":[{"href":"https:\/\/asisucedegto.mx\/inicio\/wp-json\/wp\/v2\/media?parent=21707"}],"wp:term":[{"taxonomy":"category","embeddable":true,"href":"https:\/\/asisucedegto.mx\/inicio\/wp-json\/wp\/v2\/categories?post=21707"},{"taxonomy":"post_tag","embeddable":true,"href":"https:\/\/asisucedegto.mx\/inicio\/wp-json\/wp\/v2\/tags?post=21707"}],"curies":[{"name":"wp","href":"https:\/\/api.w.org\/{rel}","templated":true}]}}