{"id":21716,"date":"2026-08-13T23:14:37","date_gmt":"2026-08-13T23:14:37","guid":{"rendered":"https:\/\/asisucedegto.mx\/inicio\/?p=21716"},"modified":"2026-08-13T23:14:38","modified_gmt":"2026-08-13T23:14:38","slug":"sheinbaum-rechaza-uso-de-guantes-electricos-por-parte-de-ice-contra-migrantes","status":"publish","type":"post","link":"https:\/\/asisucedegto.mx\/inicio\/sheinbaum-rechaza-uso-de-guantes-electricos-por-parte-de-ice-contra-migrantes\/","title":{"rendered":"Sheinbaum rechaza uso de guantes el\u00e9ctricos por parte de ICE contra migrantes"},"content":{"rendered":"\n<p class=\"wp-block-paragraph\">M\u00e9xico, 13 de Agosto de 2026.- La presidenta de M\u00e9xico,\u00a0<strong>Claudia\u00a0Sheinbaum Pardo<\/strong>,\u00a0<strong>rechaz\u00f3<\/strong>\u00a0el\u00a0<strong>plan<\/strong>\u00a0del Servicio de Inmigraci\u00f3n y Control de Aduanas de Estados Unidos (<strong>ICE<\/strong>) de equipar a los\u00a0<strong>agentes migratorios<\/strong>\u00a0con\u00a0<strong>guantes el\u00e9ctricos<\/strong>\u00a0para llevar a cabo sus funciones.<\/p>\n\n\n\n<p class=\"wp-block-paragraph\">En la conferencia matutina de Palacio Nacional, Sheinbaum Pardo afirm\u00f3 que este tipo de herramientas viola derechos humanos de migrantes.<\/p>\n\n\n\n<blockquote class=\"wp-block-quote is-layout-flow wp-block-quote-is-layout-flow\">\n<p class=\"wp-block-paragraph\">\u201cNosotros no estamos de acuerdo ni con redadas, ni con la violaci\u00f3n de derechos humanos de ninguna persona, pero en particular de un mexicano o mexicana que ha ido a Estados Unidos a ganarse la vida y que tiene, pues, ya much\u00edsimos a\u00f1os all\u00e1\u201d, dej\u00f3 en claro el jueves 13 de agosto de 2026.<\/p>\n<\/blockquote>\n\n\n\n<p class=\"wp-block-paragraph\">El Gobierno de Estados Unidos prepara una partida presupuestaria de millones de d\u00f3lares para equipar a los agentes migratorios con unos guantes capaces de dar descargas el\u00e9ctricas, en medio del rechazo de organizaciones civiles que alertan sobre recrudecimiento de los m\u00e9todos en las operaciones migratorias.<\/p>\n\n\n\n<p class=\"wp-block-paragraph\">El Departamento de Seguridad Nacional anunci\u00f3 el lunes 10 de agosto que el contrato para adquirir los guantes CTG-5 alcanzar\u00eda los 20 millones de d\u00f3lares y la compra podr\u00eda completarse a finales de marzo de 2027.<\/p>\n\n\n\n<p class=\"wp-block-paragraph\">Los guantes tienen electrodos conductores en la palma que al activarse y tocar directamente la piel de una persona, no funcionan a trav\u00e9s de la ropa, emiten pulsos el\u00e9ctricos para causar dolor.<\/p>\n\n\n\n<p class=\"wp-block-paragraph\">La intenci\u00f3n del Departamento de Seguridad Nacional es distribuirlos entre los agentes ICE, por sus siglas en ingl\u00e9s, que ya han recibido numerosas cr\u00edticas en los \u00faltimos meses por sus operaciones consideradas agresivas en campa\u00f1as de detenci\u00f3n ordenadas por la Administraci\u00f3n de Donald Trump.<\/p>\n\n\n\n<p class=\"wp-block-paragraph\">El Departamento de Seguridad Nacional describi\u00f3 los guantes como un \u201cdispositivo de desescalada\u201d, pero esto no ha evitado que crezca la preocupaci\u00f3n por dar a los agentes de inmigraci\u00f3n otra herramienta que podr\u00eda intensificar el uso de la fuerza.<\/p>\n\n\n\n<p class=\"wp-block-paragraph\">\u201cICE eval\u00faa constantemente las necesidades de nuestros agentes en el terreno para garantizar que cuenten con las herramientas y el equipo necesarios para arrestar y deportar de forma segura a los inmigrantes ilegales con antecedentes penales\u201d, declar\u00f3 el departamento en el comunicado.<\/p>\n\n\n\n<p class=\"wp-block-paragraph\">Con informaci\u00f3n de L\u00f3pez-D\u00f3riga Digital<\/p>\n\n\n\n<p class=\"wp-block-paragraph\"><\/p>\n","protected":false},"excerpt":{"rendered":"<p>M\u00e9xico, 13 de Agosto de 2026.- La presidenta de M\u00e9xico,\u00a0Claudia\u00a0Sheinbaum Pardo,\u00a0rechaz\u00f3\u00a0el\u00a0plan\u00a0del Servicio de Inmigraci\u00f3n y Control de Aduanas de Estados Unidos (ICE) de equipar a los\u00a0agentes migratorios\u00a0con\u00a0guantes el\u00e9ctricos\u00a0para llevar a cabo sus funciones. En la conferencia matutina de Palacio Nacional, Sheinbaum Pardo afirm\u00f3 que este tipo de herramientas viola derechos humanos de migrantes. \u201cNosotros no [&hellip;]<\/p>\n","protected":false},"author":3,"featured_media":21717,"comment_status":"open","ping_status":"open","sticky":false,"template":"","format":"standard","meta":{"footnotes":""},"categories":[13,4],"tags":[],"class_list":["post-21716","post","type-post","status-publish","format-standard","has-post-thumbnail","hentry","category-nacional","category-noticias"],"_links":{"self":[{"href":"https:\/\/asisucedegto.mx\/inicio\/wp-json\/wp\/v2\/posts\/21716","targetHints":{"allow":["GET"]}}],"collection":[{"href":"https:\/\/asisucedegto.mx\/inicio\/wp-json\/wp\/v2\/posts"}],"about":[{"href":"https:\/\/asisucedegto.mx\/inicio\/wp-json\/wp\/v2\/types\/post"}],"author":[{"embeddable":true,"href":"https:\/\/asisucedegto.mx\/inicio\/wp-json\/wp\/v2\/users\/3"}],"replies":[{"embeddable":true,"href":"https:\/\/asisucedegto.mx\/inicio\/wp-json\/wp\/v2\/comments?post=21716"}],"version-history":[{"count":1,"href":"https:\/\/asisucedegto.mx\/inicio\/wp-json\/wp\/v2\/posts\/21716\/revisions"}],"predecessor-version":[{"id":21718,"href":"https:\/\/asisucedegto.mx\/inicio\/wp-json\/wp\/v2\/posts\/21716\/revisions\/21718"}],"wp:featuredmedia":[{"embeddable":true,"href":"https:\/\/asisucedegto.mx\/inicio\/wp-json\/wp\/v2\/media\/21717"}],"wp:attachment":[{"href":"https:\/\/asisucedegto.mx\/inicio\/wp-json\/wp\/v2\/media?parent=21716"}],"wp:term":[{"taxonomy":"category","embeddable":true,"href":"https:\/\/asisucedegto.mx\/inicio\/wp-json\/wp\/v2\/categories?post=21716"},{"taxonomy":"post_tag","embeddable":true,"href":"https:\/\/asisucedegto.mx\/inicio\/wp-json\/wp\/v2\/tags?post=21716"}],"curies":[{"name":"wp","href":"https:\/\/api.w.org\/{rel}","templated":true}]}}