{"id":21719,"date":"2026-08-13T23:39:27","date_gmt":"2026-08-13T23:39:27","guid":{"rendered":"https:\/\/asisucedegto.mx\/inicio\/?p=21719"},"modified":"2026-08-13T23:39:27","modified_gmt":"2026-08-13T23:39:27","slug":"rocio-cervantes-impulsa-el-juicio-de-amparo-local-en-guanajuato","status":"publish","type":"post","link":"https:\/\/asisucedegto.mx\/inicio\/rocio-cervantes-impulsa-el-juicio-de-amparo-local-en-guanajuato\/","title":{"rendered":"Roc\u00edo Cervantes impulsa el juicio de amparo local en Guanajuato"},"content":{"rendered":"\n<p class=\"wp-block-paragraph\">Guanajuato, Gto., jueves 13 de agosto del 2026.- La diputada Roc\u00edo Cervantes afirm\u00f3 que establecer en la Constituci\u00f3n local el juicio de amparo permitir\u00e1 que la ley suprema del estado deje de ser solamente un par\u00e1metro normativo y se convierta tambi\u00e9n en un instrumento que permita a las personas reclamar protecci\u00f3n de los derechos que en ella se reconocen.<\/p>\n\n\n\n<p class=\"wp-block-paragraph\">Dijo que, \u201csi aceptamos la existencia de una Constituci\u00f3n como norma suprema del orden jur\u00eddico estatal, debemos aceptar tambi\u00e9n la existencia de mecanismos destinados a garantizar su observancia\u201d, como el juicio de amparo local.<\/p>\n\n\n\n<p class=\"wp-block-paragraph\">En ese tenor, subray\u00f3 que, para hablar de una aut\u00e9ntica justicia constitucional local, la protecci\u00f3n de los derechos que se reconocen en la Constituci\u00f3n Pol\u00edtica del Estado de Guanajuato debe ser accesible, especializada, t\u00e9cnicamente s\u00f3lida y susceptible de revisi\u00f3n conforme a reglas claras para que sea efectiva.<\/p>\n\n\n\n<p class=\"wp-block-paragraph\">Hizo uso de la voz en Mesa de Trabajo de la Comisi\u00f3n de Gobernaci\u00f3n para analizar una iniciativa de reforma constitucional del Grupo Parlamentario del PRI que busca establecer el juicio de amparo local como un mecanismo que garantice la protecci\u00f3n de los derechos consagrados en la norma suprema del estado.<\/p>\n\n\n\n<p class=\"wp-block-paragraph\">Manifest\u00f3 que \u201cno basta con reconocer un derecho en el texto constitucional\u201d, y subray\u00f3 que \u201cla verdadera fuerza normativa de la Constituci\u00f3n se demuestra cuando la persona puede acudir ante una instituci\u00f3n jurisdiccional y obtener protecci\u00f3n frente a su vulneraci\u00f3n\u201d por parte de una autoridad.<\/p>\n\n\n\n<p class=\"wp-block-paragraph\">Expuso que establecer el juicio de amparo como medio de control es para garantizar la tutela directa de los derechos reconocidos en la constituci\u00f3n local, y sostuvo luego que la justicia constitucional local -a la que se aspira- es la expresi\u00f3n leg\u00edtima del federalismo.<\/p>\n\n\n\n<p class=\"wp-block-paragraph\">\u201cEl federalismo no impide que los estados fortalezcan la protecci\u00f3n de los derechos dentro de su propio \u00e1mbito constitucional, Al contrario, la autonom\u00eda constitucional permite que las entidades desarrollen instituciones propias siempre que respeten los principios y l\u00edmites establecidos por la Constituci\u00f3n General\u201d, abund\u00f3.<\/p>\n\n\n\n<p class=\"wp-block-paragraph\">Cervantes Barba reconoci\u00f3 la val\u00eda de aportaciones t\u00e9cnicas que previamente hicieron llegar instituciones en torno a la propuesta de reforma constitucional y, ante sus representantes que participaron en la Mesa de Trabajo, dijo que la iniciativa puede perfeccionarse en su dise\u00f1o institucional sin perder su finalidad constitucional.<\/p>\n\n\n\n<p class=\"wp-block-paragraph\">Resalt\u00f3 adem\u00e1s que la reforma que se propone es la base constitucional, porque ser\u00eda en la legislaci\u00f3n secundaria en la que se definir\u00eda la mejor manera de implementar ese mecanismo.<\/p>\n\n\n\n<p class=\"wp-block-paragraph\">Y despu\u00e9s de escuchar las observaciones vertidas en la Mesa de Trabajo, la legisladora remarc\u00f3 que lo que se propone no implica duplicidad, porque no se trata de sustituir el amparo federal, pero tambi\u00e9n asumi\u00f3 que la nueva competencia constitucional la acci\u00f3n de protecci\u00f3n efectiva de derechos que se propone, \u201crequiere capacitaci\u00f3n, infraestructura, organizaci\u00f3n y previsi\u00f3n presupuestal\u201d.<\/p>\n","protected":false},"excerpt":{"rendered":"<p>Guanajuato, Gto., jueves 13 de agosto del 2026.- La diputada Roc\u00edo Cervantes afirm\u00f3 que establecer en la Constituci\u00f3n local el juicio de amparo permitir\u00e1 que la ley suprema del estado deje de ser solamente un par\u00e1metro normativo y se convierta tambi\u00e9n en un instrumento que permita a las personas reclamar protecci\u00f3n de los derechos que [&hellip;]<\/p>\n","protected":false},"author":3,"featured_media":21720,"comment_status":"open","ping_status":"open","sticky":false,"template":"","format":"standard","meta":{"footnotes":""},"categories":[11,4],"tags":[],"class_list":["post-21719","post","type-post","status-publish","format-standard","has-post-thumbnail","hentry","category-estado","category-noticias"],"_links":{"self":[{"href":"https:\/\/asisucedegto.mx\/inicio\/wp-json\/wp\/v2\/posts\/21719","targetHints":{"allow":["GET"]}}],"collection":[{"href":"https:\/\/asisucedegto.mx\/inicio\/wp-json\/wp\/v2\/posts"}],"about":[{"href":"https:\/\/asisucedegto.mx\/inicio\/wp-json\/wp\/v2\/types\/post"}],"author":[{"embeddable":true,"href":"https:\/\/asisucedegto.mx\/inicio\/wp-json\/wp\/v2\/users\/3"}],"replies":[{"embeddable":true,"href":"https:\/\/asisucedegto.mx\/inicio\/wp-json\/wp\/v2\/comments?post=21719"}],"version-history":[{"count":1,"href":"https:\/\/asisucedegto.mx\/inicio\/wp-json\/wp\/v2\/posts\/21719\/revisions"}],"predecessor-version":[{"id":21721,"href":"https:\/\/asisucedegto.mx\/inicio\/wp-json\/wp\/v2\/posts\/21719\/revisions\/21721"}],"wp:featuredmedia":[{"embeddable":true,"href":"https:\/\/asisucedegto.mx\/inicio\/wp-json\/wp\/v2\/media\/21720"}],"wp:attachment":[{"href":"https:\/\/asisucedegto.mx\/inicio\/wp-json\/wp\/v2\/media?parent=21719"}],"wp:term":[{"taxonomy":"category","embeddable":true,"href":"https:\/\/asisucedegto.mx\/inicio\/wp-json\/wp\/v2\/categories?post=21719"},{"taxonomy":"post_tag","embeddable":true,"href":"https:\/\/asisucedegto.mx\/inicio\/wp-json\/wp\/v2\/tags?post=21719"}],"curies":[{"name":"wp","href":"https:\/\/api.w.org\/{rel}","templated":true}]}}