{"id":21722,"date":"2026-08-13T23:54:03","date_gmt":"2026-08-13T23:54:03","guid":{"rendered":"https:\/\/asisucedegto.mx\/inicio\/?p=21722"},"modified":"2026-08-13T23:54:04","modified_gmt":"2026-08-13T23:54:04","slug":"ricardo-monreal-abre-la-posibilidad-de-reelegirse-como-diputado-federal","status":"publish","type":"post","link":"https:\/\/asisucedegto.mx\/inicio\/ricardo-monreal-abre-la-posibilidad-de-reelegirse-como-diputado-federal\/","title":{"rendered":"Ricardo Monreal abre la posibilidad de reelegirse como diputado federal"},"content":{"rendered":"\n<p class=\"wp-block-paragraph\">M\u00e9xico, 13 de Agosto de 2026.- <strong>Ricardo\u00a0Monreal,<\/strong>\u00a0coordinador de los diputados de Morena y presidenta de la Junta de Coordinaci\u00f3n Pol\u00edtica (Jucopo) en San L\u00e1zaro, abri\u00f3 la\u00a0<strong>posibilidad<\/strong>\u00a0de\u00a0<strong>reelegirse<\/strong>\u00a0como legislador en las\u00a0<strong>comicios de 2027<\/strong>.<\/p>\n\n\n\n<p class=\"wp-block-paragraph\">\u201cNo lo s\u00e9, faltan ocho o nueve meses (para las elecciones de 2026). Te dir\u00eda con toda honradez: es una posibilidad\u201d, detall\u00f3 Monreal \u00c1vila en entrevista con<strong>&nbsp;Joaqu\u00edn L\u00f3pez-D\u00f3riga<\/strong>&nbsp;para su espacio en&nbsp;<strong>Radio F\u00f3rmula<\/strong>.<\/p>\n\n\n\n<h3 class=\"wp-block-heading\">Monreal, en contra de lista de periodistas y pol\u00edticos cr\u00edticos de la 4T difundida por Presidencia<\/h3>\n\n\n\n<p class=\"wp-block-paragraph\">Ricardo Monreal se manifest\u00f3 en contra de que se elaboren listas de periodistas y pol\u00edticos cr\u00edticos a la Cuarta Transformaci\u00f3n (4T), la cual fue presentada por la consejera Jur\u00eddica de la Presidencia,&nbsp;<strong>Luisa Alcalde<\/strong>.<\/p>\n\n\n\n<p class=\"wp-block-paragraph\">El legislador morenista rechaz\u00f3 este tipo de medidas al dejar en claro que prefiere asumir posturas de tolerancia, respeto y conciliaci\u00f3n.<\/p>\n\n\n\n<p class=\"wp-block-paragraph\">\u201cEn un Estado democr\u00e1tico, la tolerancia y la libertad de expresi\u00f3n, la libertad de imprenta, la libertad de asociaci\u00f3n, la libertad de reuni\u00f3n, son garant\u00edas individuales (\u2026) no hay que conculcarlas, hay que mantenerlas, protegerlas e incluso ampliarlas\u201d, afirm\u00f3 el coordinador parlamentario de Morena.<\/p>\n\n\n\n<p class=\"wp-block-paragraph\">Monreal \u00c1vila descart\u00f3 llevar un registro de periodistas cr\u00edticos hacia su persona, y argument\u00f3 que la labor de los servidores p\u00fablicos est\u00e1 sujeta al juicio ciudadano de manera permanente.<\/p>\n\n\n\n<p class=\"wp-block-paragraph\">\u201cSoy de los que piensan que el servidor p\u00fablico est\u00e1 sometido al escrutinio p\u00fablico. No me entretengo en eso, m\u00e1s bien escucho la cr\u00edtica y trato de mejorar mi condici\u00f3n de ser servidor p\u00fablico y de no cometer errores, o de tratar de cometer los menos posibles\u201d, indic\u00f3.<\/p>\n\n\n\n<p class=\"wp-block-paragraph\">Con informaci\u00f3n de L\u00f3pez-D\u00f3riga Digital<\/p>\n\n\n\n<p class=\"wp-block-paragraph\"><\/p>\n","protected":false},"excerpt":{"rendered":"<p>M\u00e9xico, 13 de Agosto de 2026.- Ricardo\u00a0Monreal,\u00a0coordinador de los diputados de Morena y presidenta de la Junta de Coordinaci\u00f3n Pol\u00edtica (Jucopo) en San L\u00e1zaro, abri\u00f3 la\u00a0posibilidad\u00a0de\u00a0reelegirse\u00a0como legislador en las\u00a0comicios de 2027. \u201cNo lo s\u00e9, faltan ocho o nueve meses (para las elecciones de 2026). Te dir\u00eda con toda honradez: es una posibilidad\u201d, detall\u00f3 Monreal \u00c1vila [&hellip;]<\/p>\n","protected":false},"author":3,"featured_media":21723,"comment_status":"open","ping_status":"open","sticky":false,"template":"","format":"standard","meta":{"footnotes":""},"categories":[13,4],"tags":[],"class_list":["post-21722","post","type-post","status-publish","format-standard","has-post-thumbnail","hentry","category-nacional","category-noticias"],"_links":{"self":[{"href":"https:\/\/asisucedegto.mx\/inicio\/wp-json\/wp\/v2\/posts\/21722","targetHints":{"allow":["GET"]}}],"collection":[{"href":"https:\/\/asisucedegto.mx\/inicio\/wp-json\/wp\/v2\/posts"}],"about":[{"href":"https:\/\/asisucedegto.mx\/inicio\/wp-json\/wp\/v2\/types\/post"}],"author":[{"embeddable":true,"href":"https:\/\/asisucedegto.mx\/inicio\/wp-json\/wp\/v2\/users\/3"}],"replies":[{"embeddable":true,"href":"https:\/\/asisucedegto.mx\/inicio\/wp-json\/wp\/v2\/comments?post=21722"}],"version-history":[{"count":1,"href":"https:\/\/asisucedegto.mx\/inicio\/wp-json\/wp\/v2\/posts\/21722\/revisions"}],"predecessor-version":[{"id":21724,"href":"https:\/\/asisucedegto.mx\/inicio\/wp-json\/wp\/v2\/posts\/21722\/revisions\/21724"}],"wp:featuredmedia":[{"embeddable":true,"href":"https:\/\/asisucedegto.mx\/inicio\/wp-json\/wp\/v2\/media\/21723"}],"wp:attachment":[{"href":"https:\/\/asisucedegto.mx\/inicio\/wp-json\/wp\/v2\/media?parent=21722"}],"wp:term":[{"taxonomy":"category","embeddable":true,"href":"https:\/\/asisucedegto.mx\/inicio\/wp-json\/wp\/v2\/categories?post=21722"},{"taxonomy":"post_tag","embeddable":true,"href":"https:\/\/asisucedegto.mx\/inicio\/wp-json\/wp\/v2\/tags?post=21722"}],"curies":[{"name":"wp","href":"https:\/\/api.w.org\/{rel}","templated":true}]}}