{"id":21736,"date":"2026-08-14T17:59:14","date_gmt":"2026-08-14T17:59:14","guid":{"rendered":"https:\/\/asisucedegto.mx\/inicio\/?p=21736"},"modified":"2026-08-14T17:59:14","modified_gmt":"2026-08-14T17:59:14","slug":"mexico-reporta-271-mil-193-repatriados-desde-el-regreso-de-trump-a-la-casa-blanca","status":"publish","type":"post","link":"https:\/\/asisucedegto.mx\/inicio\/mexico-reporta-271-mil-193-repatriados-desde-el-regreso-de-trump-a-la-casa-blanca\/","title":{"rendered":"M\u00e9xico reporta 271 mil 193 repatriados desde el regreso de Trump a la Casa Blanca"},"content":{"rendered":"\n<p class=\"wp-block-paragraph\"><strong>M\u00e9xico., 14 de Agosto del 2026.-<\/strong> El\u00a0<strong>Gobierno de M\u00e9xico<\/strong>\u00a0report\u00f3 un total de\u00a0<strong>271 mil 193 mexicanos repatriados<\/strong>\u00a0desde\u00a0<strong>Estados Unidos<\/strong>\u00a0desde el 20 de enero de 2025, fecha en que el presidente\u00a0<strong>Donald Trump<\/strong>\u00a0regres\u00f3 a la Casa Blanca y endureci\u00f3 la pol\u00edtica migratoria con mayores restricciones.<\/p>\n\n\n\n<p class=\"wp-block-paragraph\"><strong>Sergio\u00a0Salom\u00f3n C\u00e9spedes,<\/strong>\u00a0comisionado del Instituto Nacional de Migraci\u00f3n (<strong>INM<\/strong>), detall\u00f3 durante la conferencia matutina de Palacio Nacional que, de este total de expulsiones, 171 mil 508 ocurrieron por v\u00eda terrestre y 99 mil 685 por v\u00eda a\u00e9rea, en el marco de la Estrategia Nacional de Repatriaci\u00f3n \u2018<strong>M\u00e9xico te abraza<\/strong>\u2019.<\/p>\n\n\n\n<p class=\"wp-block-paragraph\">El funcionario afirm\u00f3 que el 95 % de los repatriados son originarios de Chiapas, Guanajuato, Guerrero, Veracruz, Oaxaca, Michoac\u00e1n, Puebla y Estado de M\u00e9xico.<\/p>\n\n\n\n<p class=\"wp-block-paragraph\">Recalc\u00f3 que \u201cen todo momento\u201d se da un trato digno a todos los migrantes.<\/p>\n\n\n\n<blockquote class=\"wp-block-quote is-layout-flow wp-block-quote-is-layout-flow\">\n<p class=\"wp-block-paragraph\">\u201cEllos saben que hoy llegan a un mejor M\u00e9xico del que dejaron, ya que contamos con una presidenta que siempre ha estado pendiente del bienestar de todas y todos los mexicanos\u201d, asever\u00f3.<\/p>\n<\/blockquote>\n\n\n\n<p class=\"wp-block-paragraph\"><strong>Rosa Icela Rodr\u00edguez<\/strong>, secretaria de Gobernaci\u00f3n (<strong>Segob<\/strong>), explic\u00f3 que M\u00e9xico cuenta con un despliegue territorial en 14 entidades federativas para recibir a los migrantes, atenderlos y otorgarles servicios.<\/p>\n\n\n\n<p class=\"wp-block-paragraph\">La funcionaria detall\u00f3 que gracias al programa \u2018M\u00e9xico te abraza\u2019, implementado por el gobierno de Claudia Sheinbaum para atender a los mexicanos repatriados, se han otorgado m\u00e1s de 1.56 millones de servicios, m\u00e1s de 453 mil raciones de alimentos calientes y m\u00e1s de 79 mil 700 atenciones m\u00e9dicas y psicol\u00f3gicas.<\/p>\n\n\n\n<p class=\"wp-block-paragraph\">Adem\u00e1s, a m\u00e1s de 180 mil personas se les ha entregado una tarjeta Bienestar Paisano con dos mil pesos para que sus gastos de traslado a sus comunidades de origen est\u00e9n asegurados.<\/p>\n\n\n\n<p class=\"wp-block-paragraph\">Asimismo, se han afiliado a m\u00e1s de 98 mil 600 personas al Instituto Mexicano del Seguro Social (IMSS) y se han emitido m\u00e1s de 138 mil 500 copias certificadas de actas de nacional y tambi\u00e9n Clave \u00danica de Registro de Poblaci\u00f3n (CURP).<\/p>\n\n\n\n<blockquote class=\"wp-block-quote is-layout-flow wp-block-quote-is-layout-flow\">\n<p class=\"wp-block-paragraph\">\u201cLes decimos que no est\u00e1n solas ni solos. M\u00e9xico es su hogar. Siempre los vamos a recibir con dignidad, con respeto y con los brazos abiertos\u201d, enfatiz\u00f3 Rodr\u00edguez Vel\u00e1zquez.<\/p>\n<\/blockquote>\n\n\n\n<p class=\"wp-block-paragraph\">Desde el inicio del Gobierno de Sheinbaum, en octubre de 2024, el flujo migratorio hacia Estados Unidos ha mantenido una marcada tendencia a la baja, hasta acumular una reducci\u00f3n del 97.5 por ciento en los encuentros de migrantes en la frontera, seg\u00fan cifras de la Oficina de Aduanas y Protecci\u00f3n Fronteriza estadounidense (CBP) difundidas en junio por el Ejecutivo mexicano.<\/p>\n\n\n\n<p class=\"wp-block-paragraph\">Informaci\u00f3n de <strong>EFE<\/strong><\/p>\n\n\n\n<p class=\"wp-block-paragraph\"><\/p>\n","protected":false},"excerpt":{"rendered":"<p>M\u00e9xico., 14 de Agosto del 2026.- El\u00a0Gobierno de M\u00e9xico\u00a0report\u00f3 un total de\u00a0271 mil 193 mexicanos repatriados\u00a0desde\u00a0Estados Unidos\u00a0desde el 20 de enero de 2025, fecha en que el presidente\u00a0Donald Trump\u00a0regres\u00f3 a la Casa Blanca y endureci\u00f3 la pol\u00edtica migratoria con mayores restricciones. Sergio\u00a0Salom\u00f3n C\u00e9spedes,\u00a0comisionado del Instituto Nacional de Migraci\u00f3n (INM), detall\u00f3 durante la conferencia matutina de [&hellip;]<\/p>\n","protected":false},"author":3,"featured_media":21739,"comment_status":"open","ping_status":"open","sticky":false,"template":"","format":"standard","meta":{"footnotes":""},"categories":[13,4],"tags":[],"class_list":["post-21736","post","type-post","status-publish","format-standard","has-post-thumbnail","hentry","category-nacional","category-noticias"],"_links":{"self":[{"href":"https:\/\/asisucedegto.mx\/inicio\/wp-json\/wp\/v2\/posts\/21736","targetHints":{"allow":["GET"]}}],"collection":[{"href":"https:\/\/asisucedegto.mx\/inicio\/wp-json\/wp\/v2\/posts"}],"about":[{"href":"https:\/\/asisucedegto.mx\/inicio\/wp-json\/wp\/v2\/types\/post"}],"author":[{"embeddable":true,"href":"https:\/\/asisucedegto.mx\/inicio\/wp-json\/wp\/v2\/users\/3"}],"replies":[{"embeddable":true,"href":"https:\/\/asisucedegto.mx\/inicio\/wp-json\/wp\/v2\/comments?post=21736"}],"version-history":[{"count":1,"href":"https:\/\/asisucedegto.mx\/inicio\/wp-json\/wp\/v2\/posts\/21736\/revisions"}],"predecessor-version":[{"id":21740,"href":"https:\/\/asisucedegto.mx\/inicio\/wp-json\/wp\/v2\/posts\/21736\/revisions\/21740"}],"wp:featuredmedia":[{"embeddable":true,"href":"https:\/\/asisucedegto.mx\/inicio\/wp-json\/wp\/v2\/media\/21739"}],"wp:attachment":[{"href":"https:\/\/asisucedegto.mx\/inicio\/wp-json\/wp\/v2\/media?parent=21736"}],"wp:term":[{"taxonomy":"category","embeddable":true,"href":"https:\/\/asisucedegto.mx\/inicio\/wp-json\/wp\/v2\/categories?post=21736"},{"taxonomy":"post_tag","embeddable":true,"href":"https:\/\/asisucedegto.mx\/inicio\/wp-json\/wp\/v2\/tags?post=21736"}],"curies":[{"name":"wp","href":"https:\/\/api.w.org\/{rel}","templated":true}]}}