{"id":21758,"date":"2026-08-14T23:01:31","date_gmt":"2026-08-14T23:01:31","guid":{"rendered":"https:\/\/asisucedegto.mx\/inicio\/?p=21758"},"modified":"2026-08-14T23:01:31","modified_gmt":"2026-08-14T23:01:31","slug":"luisa-alcalde-la-4t-protege-la-libertad-de-expresion-gobierno-no-tiene-listas-negras-de-periodistas-y-medios-criticos","status":"publish","type":"post","link":"https:\/\/asisucedegto.mx\/inicio\/luisa-alcalde-la-4t-protege-la-libertad-de-expresion-gobierno-no-tiene-listas-negras-de-periodistas-y-medios-criticos\/","title":{"rendered":"Luisa Alcalde: La 4T protege la libertad de expresi\u00f3n, Gobierno no tiene \u201clistas negras\u201d de periodistas y medios cr\u00edticos"},"content":{"rendered":"\n<p class=\"wp-block-paragraph\">CDMX, 14 de Agosto de 2026.- <strong>Luisa\u00a0Mar\u00eda Alcalde<\/strong>, consejera jur\u00eddica de la Presidencia, dej\u00f3 en claro que el Gobierno de Claudia Sheinbaum no tiene\u00a0<strong>\u201clistas negras\u201d<\/strong>\u00a0d<strong>e periodistas\u00a0<\/strong>y<strong>\u00a0medios de comunicaci\u00f3n cr\u00edticos<\/strong>\u00a0de la\u00a0<strong>Cuarta Transformaci\u00f3n<\/strong>\u00a0(<strong>4T<\/strong>),<\/p>\n\n\n\n<p class=\"wp-block-paragraph\">En entrevista con&nbsp;<strong>Joaqu\u00edn L\u00f3pez-D\u00f3riga<\/strong>&nbsp;para su espacio en&nbsp;<strong>Radio F\u00f3rmula<\/strong>, Alcalde Luj\u00e1n sostuvo que el an\u00e1lisis presentado en el programa \u201cDerecho de R\u00e9plica\u201d no busca coartar la&nbsp;<strong>libertad de expresi\u00f3n<\/strong>&nbsp;ni estigmatizar a comunicadores ni medios.<\/p>\n\n\n\n<blockquote class=\"wp-block-quote is-layout-flow wp-block-quote-is-layout-flow\">\n<p class=\"wp-block-paragraph\">\u201cDejar en claro que nunca jam\u00e1s en este Gobierno, ni ser\u00eda la intenci\u00f3n, cuartar tu libertad para que opines, para que digas lo que pienses, para que expreses tu sentir. Jam\u00e1s lo hemos hecho y jam\u00e1s lo har\u00edamos\u201d, expres\u00f3.<\/p>\n<\/blockquote>\n\n\n\n<p class=\"wp-block-paragraph\">\u201cQue quede claro: no hay esa intenci\u00f3n. Si alguien ha protegido la libertad de expresi\u00f3n son los Gobiernos de la Cuarta Transformaci\u00f3n. \u00bfCu\u00e1ndo ha levantado el tel\u00e9fono la presidenta (Sheinbaum) para decir, \u201c\u00e9ste no, a \u00e9ste c\u00e1llenlo a este, s\u00e1quenlo\u201d. Jam\u00e1s\u201d. puntualiz\u00f3.<\/p>\n\n\n\n<p class=\"wp-block-paragraph\"><em>Noticia en desarrollo\u2026<\/em><\/p>\n\n\n\n<p class=\"wp-block-paragraph\">Con informaci\u00f3n de L\u00f3pez-D\u00f3riga Digital<\/p>\n","protected":false},"excerpt":{"rendered":"<p>CDMX, 14 de Agosto de 2026.- Luisa\u00a0Mar\u00eda Alcalde, consejera jur\u00eddica de la Presidencia, dej\u00f3 en claro que el Gobierno de Claudia Sheinbaum no tiene\u00a0\u201clistas negras\u201d\u00a0de periodistas\u00a0y\u00a0medios de comunicaci\u00f3n cr\u00edticos\u00a0de la\u00a0Cuarta Transformaci\u00f3n\u00a0(4T), En entrevista con&nbsp;Joaqu\u00edn L\u00f3pez-D\u00f3riga&nbsp;para su espacio en&nbsp;Radio F\u00f3rmula, Alcalde Luj\u00e1n sostuvo que el an\u00e1lisis presentado en el programa \u201cDerecho de R\u00e9plica\u201d no busca coartar [&hellip;]<\/p>\n","protected":false},"author":3,"featured_media":21759,"comment_status":"open","ping_status":"open","sticky":false,"template":"","format":"standard","meta":{"footnotes":""},"categories":[13,4],"tags":[],"class_list":["post-21758","post","type-post","status-publish","format-standard","has-post-thumbnail","hentry","category-nacional","category-noticias"],"_links":{"self":[{"href":"https:\/\/asisucedegto.mx\/inicio\/wp-json\/wp\/v2\/posts\/21758","targetHints":{"allow":["GET"]}}],"collection":[{"href":"https:\/\/asisucedegto.mx\/inicio\/wp-json\/wp\/v2\/posts"}],"about":[{"href":"https:\/\/asisucedegto.mx\/inicio\/wp-json\/wp\/v2\/types\/post"}],"author":[{"embeddable":true,"href":"https:\/\/asisucedegto.mx\/inicio\/wp-json\/wp\/v2\/users\/3"}],"replies":[{"embeddable":true,"href":"https:\/\/asisucedegto.mx\/inicio\/wp-json\/wp\/v2\/comments?post=21758"}],"version-history":[{"count":1,"href":"https:\/\/asisucedegto.mx\/inicio\/wp-json\/wp\/v2\/posts\/21758\/revisions"}],"predecessor-version":[{"id":21760,"href":"https:\/\/asisucedegto.mx\/inicio\/wp-json\/wp\/v2\/posts\/21758\/revisions\/21760"}],"wp:featuredmedia":[{"embeddable":true,"href":"https:\/\/asisucedegto.mx\/inicio\/wp-json\/wp\/v2\/media\/21759"}],"wp:attachment":[{"href":"https:\/\/asisucedegto.mx\/inicio\/wp-json\/wp\/v2\/media?parent=21758"}],"wp:term":[{"taxonomy":"category","embeddable":true,"href":"https:\/\/asisucedegto.mx\/inicio\/wp-json\/wp\/v2\/categories?post=21758"},{"taxonomy":"post_tag","embeddable":true,"href":"https:\/\/asisucedegto.mx\/inicio\/wp-json\/wp\/v2\/tags?post=21758"}],"curies":[{"name":"wp","href":"https:\/\/api.w.org\/{rel}","templated":true}]}}