{"id":22291,"date":"2026-08-31T17:27:48","date_gmt":"2026-08-31T17:27:48","guid":{"rendered":"https:\/\/asisucedegto.mx\/inicio\/?p=22291"},"modified":"2026-08-31T18:13:45","modified_gmt":"2026-08-31T18:13:45","slug":"fiscalia-investigara-muerte-de-hombre-arrollado-en-constituyentes","status":"publish","type":"post","link":"https:\/\/asisucedegto.mx\/inicio\/fiscalia-investigara-muerte-de-hombre-arrollado-en-constituyentes\/","title":{"rendered":"Fiscal\u00eda investigar\u00e1 muerte de mujer arrollada en Constituyentes"},"content":{"rendered":"\n<p class=\"wp-block-paragraph\"><strong>Celaya, Gto., 31 de agosto del 2026<\/strong>.- Fiscal\u00eda determinar\u00e1 mec\u00e1nica de la arrollada en Constituyentes<\/p>\n\n\n\n<p class=\"wp-block-paragraph\">La Fiscal\u00eda General del Estado ser\u00e1 la encargada de establecer la identidad de la mujer que perdi\u00f3 la vida tras ser atropellado la ma\u00f1ana de este lunes sobre la avenida Constituyentes, as\u00ed como determinar las causas exactas de su fallecimiento.<br>El accidente se registr\u00f3 minutos despu\u00e9s de las 9:00 de la ma\u00f1ana, sobre el puente desnivel ubicado a la altura de la colonia Jacarandas, cerca de la zona conocida como Palo Seco.<br><br>De acuerdo con los primeros reportes, la mujer intentaba cruzar la vialidad cuando fue alcanzado por una camioneta Nissan de color negro. Tras el reporte, elementos de seguridad y param\u00e9dicos de Cruz Roja acudieron al sitio.<br>Los socorristas encontraron a la v\u00edctima debajo de la unidad y, despu\u00e9s de revisarla, confirmaron que ya no presentaba signos vitales.<br><br>La zona fue asegurada mientras se realizaban las diligencias correspondientes. Posteriormente, personal de la Fiscal\u00eda llev\u00f3 a cabo el levantamiento de indicios y el cuerpo fue trasladado para continuar con los estudios que permitan establecer las causas del fallecimiento y confirmar su identidad.<br>El conductor de la camioneta fue llevado ante el Ministerio P\u00fablico, donde se definir\u00e1 su situaci\u00f3n legal y se determinar\u00e1 su posible responsabilidad en el accidente.<\/p>\n","protected":false},"excerpt":{"rendered":"<p>Celaya, Gto., 31 de agosto del 2026.- Fiscal\u00eda determinar\u00e1 mec\u00e1nica de la arrollada en Constituyentes La Fiscal\u00eda General del Estado ser\u00e1 la encargada de establecer la identidad de la mujer que perdi\u00f3 la vida tras ser atropellado la ma\u00f1ana de este lunes sobre la avenida Constituyentes, as\u00ed como determinar las causas exactas de su fallecimiento.El [&hellip;]<\/p>\n","protected":false},"author":3,"featured_media":22293,"comment_status":"open","ping_status":"open","sticky":false,"template":"","format":"standard","meta":{"footnotes":""},"categories":[7,4],"tags":[],"class_list":["post-22291","post","type-post","status-publish","format-standard","has-post-thumbnail","hentry","category-celaya","category-noticias"],"_links":{"self":[{"href":"https:\/\/asisucedegto.mx\/inicio\/wp-json\/wp\/v2\/posts\/22291","targetHints":{"allow":["GET"]}}],"collection":[{"href":"https:\/\/asisucedegto.mx\/inicio\/wp-json\/wp\/v2\/posts"}],"about":[{"href":"https:\/\/asisucedegto.mx\/inicio\/wp-json\/wp\/v2\/types\/post"}],"author":[{"embeddable":true,"href":"https:\/\/asisucedegto.mx\/inicio\/wp-json\/wp\/v2\/users\/3"}],"replies":[{"embeddable":true,"href":"https:\/\/asisucedegto.mx\/inicio\/wp-json\/wp\/v2\/comments?post=22291"}],"version-history":[{"count":2,"href":"https:\/\/asisucedegto.mx\/inicio\/wp-json\/wp\/v2\/posts\/22291\/revisions"}],"predecessor-version":[{"id":22300,"href":"https:\/\/asisucedegto.mx\/inicio\/wp-json\/wp\/v2\/posts\/22291\/revisions\/22300"}],"wp:featuredmedia":[{"embeddable":true,"href":"https:\/\/asisucedegto.mx\/inicio\/wp-json\/wp\/v2\/media\/22293"}],"wp:attachment":[{"href":"https:\/\/asisucedegto.mx\/inicio\/wp-json\/wp\/v2\/media?parent=22291"}],"wp:term":[{"taxonomy":"category","embeddable":true,"href":"https:\/\/asisucedegto.mx\/inicio\/wp-json\/wp\/v2\/categories?post=22291"},{"taxonomy":"post_tag","embeddable":true,"href":"https:\/\/asisucedegto.mx\/inicio\/wp-json\/wp\/v2\/tags?post=22291"}],"curies":[{"name":"wp","href":"https:\/\/api.w.org\/{rel}","templated":true}]}}