{"id":22295,"date":"2026-08-31T17:52:57","date_gmt":"2026-08-31T17:52:57","guid":{"rendered":"https:\/\/asisucedegto.mx\/inicio\/?p=22295"},"modified":"2026-08-31T17:52:57","modified_gmt":"2026-08-31T17:52:57","slug":"chelis-oliveros-da-arranque-al-ciclo-escolar-2026-2027-en-apaseo-el-grande","status":"publish","type":"post","link":"https:\/\/asisucedegto.mx\/inicio\/chelis-oliveros-da-arranque-al-ciclo-escolar-2026-2027-en-apaseo-el-grande\/","title":{"rendered":"Chelis Oliveros da arranque al ciclo escolar 2026-2027 en Apaseo el Grande."},"content":{"rendered":"\n<p class=\"wp-block-paragraph\"><strong>Apaseo el Grande, Gto., 31 de agosto del 2026.<\/strong>&#8211; Con un llamado a trabajar de manera conjunta por el bienestar y futuro de las ni\u00f1as y ni\u00f1os, autoridades educativas, municipales y estatales encabezaron la ceremonia de inauguraci\u00f3n del ciclo escolar 2026-2027 en la Escuela Primaria Jos\u00e9 Vasconcelos, en Apaseo el Grande.<\/p>\n\n\n\n<p class=\"wp-block-paragraph\">Durante el acto c\u00edvico, se destac\u00f3 que el regreso a las aulas representa una nueva oportunidad para que las y los estudiantes aprendan, desarrollen sus capacidades y construyan un proyecto de vida, con el acompa\u00f1amiento de docentes, madres y padres de familia.<\/p>\n\n\n\n<p class=\"wp-block-paragraph\">La ceremonia estuvo encabezada por el Presidente Municipal, Jos\u00e9 Luis \u201cChelis\u201d Oliveros Usabiaga; el representante de la Gobernadora de Guanajuato, Libia Dennise Garc\u00eda Mu\u00f1oz Ledo, Miguel Alba Gonz\u00e1lez, de la Secretar\u00eda de Finanzas del Estado; la Diputada Local, Luz Itzel Mendo Gonz\u00e1lez; la jefa del Sector 20 de Primarias Federales, Elvira Serpa Banderas; la Directora de la Escuela Jos\u00e9 Vasconcelos, Rosa Dur\u00e1n V\u00e1zquez; la supervisora de la Zona Escolar 127, Gema Bautista Cruz, autoridades municipales, educativas y sindicales.<\/p>\n\n\n\n<p class=\"wp-block-paragraph\">La Directora del plantel, Rosa Dur\u00e1n V\u00e1zquez, dio la bienvenida a la comunidad escolar y resalt\u00f3 que un nuevo ciclo representa retos, aprendizajes y oportunidades para crecer juntos. Asimismo, reconoci\u00f3 el compromiso de docentes y familias para acompa\u00f1ar a las y los estudiantes durante su formaci\u00f3n.<\/p>\n\n\n\n<p class=\"wp-block-paragraph\">En su mensaje, el Alcalde \u201cChelis\u201d Oliveros destac\u00f3 la alegr\u00eda y espontaneidad de las ni\u00f1as y ni\u00f1os, se\u00f1alando que los adultos tambi\u00e9n deben aprender de ellos y de la manera en que observan el mundo.<\/p>\n\n\n\n<p class=\"wp-block-paragraph\">Reiter\u00f3 su compromiso con las instituciones educativas y habl\u00f3 sobre la iniciativa de reforma constitucional y a la Ley de Coordinaci\u00f3n Fiscal que ha impulsado para que las escuelas cuenten con recursos destinados a infraestructura, mantenimiento y rehabilitaci\u00f3n, evitando que estas necesidades recaigan principalmente en las familias.<\/p>\n\n\n\n<p class=\"wp-block-paragraph\">Explic\u00f3 que la propuesta busca fortalecer la atenci\u00f3n de miles de planteles educativos mediante acciones como impermeabilizaci\u00f3n, rehabilitaci\u00f3n de ba\u00f1os e instalaciones el\u00e9ctricas y mantenimiento general, al tiempo que llam\u00f3 a las familias a mantenerse cercanas a las escuelas y participar activamente en la comunidad educativa.<\/p>\n\n\n\n<p class=\"wp-block-paragraph\">\u201cLa curiosidad es el sentimiento m\u00e1s importante para el aprendizaje\u201d, expres\u00f3 el Presidente Municipal al dirigirse a las y los docentes, a quienes reconoci\u00f3 por su labor y vocaci\u00f3n, adem\u00e1s de pedirles continuar sembrando en sus alumnos el inter\u00e9s por aprender.<\/p>\n\n\n\n<p class=\"wp-block-paragraph\">Por su parte, Miguel Alba Gonz\u00e1lez, quien acudi\u00f3 en representaci\u00f3n de la gobernadora Libia Dennise Garc\u00eda Mu\u00f1oz Ledo, comparti\u00f3 el mensaje del Gobierno del Estado con motivo del inicio del ciclo escolar.<\/p>\n\n\n\n<p class=\"wp-block-paragraph\">Inform\u00f3 que en Guanajuato m\u00e1s de 1.7 millones de estudiantes regresan a las aulas, con el acompa\u00f1amiento de alrededor de 98 mil maestras y maestros en m\u00e1s de 13 mil planteles educativos.<\/p>\n\n\n\n<p class=\"wp-block-paragraph\">Como parte de las acciones para respaldar a las familias, se\u00f1al\u00f3 que durante este ciclo escolar 50 mil 814 estudiantes de primarias p\u00fablicas recibir\u00e1n paquetes de \u00fatiles escolares y mochilas, con una inversi\u00f3n cercana a 322 millones de pesos, con el objetivo de contribuir a la permanencia escolar y reducir factores que puedan impedir que las ni\u00f1as y ni\u00f1os contin\u00faen sus estudios.<\/p>\n\n\n\n<p class=\"wp-block-paragraph\">Tambi\u00e9n destac\u00f3 que una de las prioridades del Gobierno del Estado ser\u00e1 garantizar una \u201cnormalidad m\u00ednima\u201d en las escuelas, es decir, que los planteles permanezcan abiertos y que exista un docente frente a grupo todos los d\u00edas.<\/p>\n\n\n\n<p class=\"wp-block-paragraph\">Entre las prioridades educativas para este ciclo, se\u00f1al\u00f3 el fortalecimiento de la lectura desde los primeros a\u00f1os de educaci\u00f3n primaria, buscando que las ni\u00f1as y ni\u00f1os aprendan a leer oportunamente y desarrollen el gusto por la lectura como un h\u00e1bito para toda la vida.<\/p>\n\n\n\n<p class=\"wp-block-paragraph\">En materia de educaci\u00f3n media superior, inform\u00f3 que se gestion\u00f3 la apertura de 58 nuevas preparatorias, lo que permitir\u00e1 que m\u00e1s de 7 mil estudiantes tengan acceso al primer ingreso y contribuir\u00e1 a alcanzar una cobertura del 82 por ciento, considerada hist\u00f3rica para Guanajuato.<\/p>\n\n\n\n<p class=\"wp-block-paragraph\">Dio a conocer una inversi\u00f3n de mil 14 millones de pesos en infraestructura educativa, destinada a nuevos planteles, ampliaciones, mantenimiento y bachilleratos integrales, adem\u00e1s de 100 millones de pesos adicionales para rehabilitaci\u00f3n y equipamiento de escuelas.<\/p>\n\n\n\n<p class=\"wp-block-paragraph\">Durante la ceremonia se realizaron los honores a la Bandera, el juramento a la Bandera y la entonaci\u00f3n del Himno Nacional Mexicano y el Himno del Estado de Guanajuato, para posteriormente presentar al colectivo docente y de apoyo que acompa\u00f1ar\u00e1 a las y los estudiantes de la Escuela Primaria Jos\u00e9 Vasconcelos durante el ciclo 2026-2027.<\/p>\n\n\n\n<p class=\"wp-block-paragraph\">Con este acto, autoridades y comunidad educativa dieron formalmente la bienvenida a un nuevo a\u00f1o escolar, refrendando el compromiso de trabajar de manera coordinada para que las ni\u00f1as, ni\u00f1os y j\u00f3venes permanezcan en las aulas, aprendan y cuenten con mejores oportunidades para construir su futuro.<\/p>\n","protected":false},"excerpt":{"rendered":"<p>Apaseo el Grande, Gto., 31 de agosto del 2026.&#8211; Con un llamado a trabajar de manera conjunta por el bienestar y futuro de las ni\u00f1as y ni\u00f1os, autoridades educativas, municipales y estatales encabezaron la ceremonia de inauguraci\u00f3n del ciclo escolar 2026-2027 en la Escuela Primaria Jos\u00e9 Vasconcelos, en Apaseo el Grande. Durante el acto c\u00edvico, [&hellip;]<\/p>\n","protected":false},"author":3,"featured_media":22296,"comment_status":"open","ping_status":"open","sticky":false,"template":"","format":"standard","meta":{"footnotes":""},"categories":[20,12,4],"tags":[],"class_list":["post-22295","post","type-post","status-publish","format-standard","has-post-thumbnail","hentry","category-educacion","category-laja-bajio","category-noticias"],"_links":{"self":[{"href":"https:\/\/asisucedegto.mx\/inicio\/wp-json\/wp\/v2\/posts\/22295","targetHints":{"allow":["GET"]}}],"collection":[{"href":"https:\/\/asisucedegto.mx\/inicio\/wp-json\/wp\/v2\/posts"}],"about":[{"href":"https:\/\/asisucedegto.mx\/inicio\/wp-json\/wp\/v2\/types\/post"}],"author":[{"embeddable":true,"href":"https:\/\/asisucedegto.mx\/inicio\/wp-json\/wp\/v2\/users\/3"}],"replies":[{"embeddable":true,"href":"https:\/\/asisucedegto.mx\/inicio\/wp-json\/wp\/v2\/comments?post=22295"}],"version-history":[{"count":1,"href":"https:\/\/asisucedegto.mx\/inicio\/wp-json\/wp\/v2\/posts\/22295\/revisions"}],"predecessor-version":[{"id":22297,"href":"https:\/\/asisucedegto.mx\/inicio\/wp-json\/wp\/v2\/posts\/22295\/revisions\/22297"}],"wp:featuredmedia":[{"embeddable":true,"href":"https:\/\/asisucedegto.mx\/inicio\/wp-json\/wp\/v2\/media\/22296"}],"wp:attachment":[{"href":"https:\/\/asisucedegto.mx\/inicio\/wp-json\/wp\/v2\/media?parent=22295"}],"wp:term":[{"taxonomy":"category","embeddable":true,"href":"https:\/\/asisucedegto.mx\/inicio\/wp-json\/wp\/v2\/categories?post=22295"},{"taxonomy":"post_tag","embeddable":true,"href":"https:\/\/asisucedegto.mx\/inicio\/wp-json\/wp\/v2\/tags?post=22295"}],"curies":[{"name":"wp","href":"https:\/\/api.w.org\/{rel}","templated":true}]}}