{"id":22312,"date":"2026-08-31T20:11:32","date_gmt":"2026-08-31T20:11:32","guid":{"rendered":"https:\/\/asisucedegto.mx\/inicio\/?p=22312"},"modified":"2026-08-31T20:16:37","modified_gmt":"2026-08-31T20:16:37","slug":"acompanan-en-irapuato-en-el-arranque-del-ciclo-escolar-2026-202","status":"publish","type":"post","link":"https:\/\/asisucedegto.mx\/inicio\/acompanan-en-irapuato-en-el-arranque-del-ciclo-escolar-2026-202\/","title":{"rendered":"Acompa\u00f1an en Irapuato en el arranque del ciclo escolar 2026-2027"},"content":{"rendered":"\n<p class=\"wp-block-paragraph\"><strong>Irapuato, Gto., 31 de agosto de 2026. \u2013<\/strong> Con el compromiso de seguir impulsando la educaci\u00f3n y la formaci\u00f3n integral de ni\u00f1as y ni\u00f1os, autoridades municipales participaron en el arranque del ciclo escolar 2026-2027 en la Escuela Primaria Octavio Paz, donde se realizaron honores a la bandera como parte del fortalecimiento de los valores c\u00edvicos y el respeto a los s\u00edmbolos patrios.<\/p>\n\n\n\n<p class=\"wp-block-paragraph\">En representaci\u00f3n de la presidenta municipal, Lorena Alfaro Garc\u00eda, acudi\u00f3 el secretario del Ayuntamiento, Rodolfo G\u00f3mez Cervantes, quien destac\u00f3 que la educaci\u00f3n es una de las principales apuestas para construir el presente y futuro de una sociedad pr\u00f3spera.<\/p>\n\n\n\n<p class=\"wp-block-paragraph\">Al acto tambi\u00e9n acudieron autoridades educativas y representantes del Gobierno del Estado, quienes acompa\u00f1aron a la comunidad escolar en este inicio de actividades acad\u00e9micas.<\/p>\n\n\n\n<p class=\"wp-block-paragraph\">Durante su mensaje, G\u00f3mez Cervantes resalt\u00f3 que cada ni\u00f1a y ni\u00f1o tiene la posibilidad de construir su propia historia y alcanzar sus sue\u00f1os, ya sea como profesionistas, deportistas, cient\u00edficos, artistas o desde cualquier \u00e1mbito en el que decidan desarrollarse.<\/p>\n\n\n\n<p class=\"wp-block-paragraph\">\u201cHoy comienza otro pedacito de su historia, de lo que van haciendo d\u00eda con d\u00eda para que el d\u00eda de ma\u00f1ana se conviertan en gente buena para nuestro pa\u00eds, en profesionistas, tal vez en ejercer alg\u00fan oficio, pero que sobre todo no olviden, tenemos que ser gente buena para apoyar a M\u00e9xico. Cada pregunta que le hagan a sus maestros, cada maestro que los inspire y hasta cada vez que algo no le salga, que no le salga bien a la primera, puede ayudarles a descubrir de qu\u00e9 pueden ser capaces cada uno de ustedes\u201d, apunt\u00f3.<\/p>\n\n\n\n<p class=\"wp-block-paragraph\">El Gobierno de Irapuato mantiene un acompa\u00f1amiento permanente a las instituciones educativas del municipio mediante visitas constantes para conocer de primera mano sus necesidades y generar acciones de apoyo, adem\u00e1s de participar en actividades que contribuyen a la formaci\u00f3n en valores y a una sana convivencia entre las y los estudiantes.<\/p>\n\n\n\n<p class=\"wp-block-paragraph\">Esta estrategia forma parte de la visi\u00f3n impulsada por la presidenta municipal, Lorena Alfaro Garc\u00eda, quien ha colocado a la educaci\u00f3n y al desarrollo integral de ni\u00f1as, ni\u00f1os y j\u00f3venes como<\/p>\n\n\n\n<p class=\"wp-block-paragraph\">una prioridad, promoviendo la colaboraci\u00f3n entre el Gobierno de Irapuato, autoridades educativas, docentes y familias.<\/p>\n\n\n\n<p class=\"wp-block-paragraph\"><\/p>\n","protected":false},"excerpt":{"rendered":"<p>Irapuato, Gto., 31 de agosto de 2026. \u2013 Con el compromiso de seguir impulsando la educaci\u00f3n y la formaci\u00f3n integral de ni\u00f1as y ni\u00f1os, autoridades municipales participaron en el arranque del ciclo escolar 2026-2027 en la Escuela Primaria Octavio Paz, donde se realizaron honores a la bandera como parte del fortalecimiento de los valores c\u00edvicos [&hellip;]<\/p>\n","protected":false},"author":3,"featured_media":22316,"comment_status":"open","ping_status":"open","sticky":false,"template":"","format":"standard","meta":{"footnotes":""},"categories":[1],"tags":[],"class_list":["post-22312","post","type-post","status-publish","format-standard","has-post-thumbnail","hentry","category-uncategorized"],"_links":{"self":[{"href":"https:\/\/asisucedegto.mx\/inicio\/wp-json\/wp\/v2\/posts\/22312","targetHints":{"allow":["GET"]}}],"collection":[{"href":"https:\/\/asisucedegto.mx\/inicio\/wp-json\/wp\/v2\/posts"}],"about":[{"href":"https:\/\/asisucedegto.mx\/inicio\/wp-json\/wp\/v2\/types\/post"}],"author":[{"embeddable":true,"href":"https:\/\/asisucedegto.mx\/inicio\/wp-json\/wp\/v2\/users\/3"}],"replies":[{"embeddable":true,"href":"https:\/\/asisucedegto.mx\/inicio\/wp-json\/wp\/v2\/comments?post=22312"}],"version-history":[{"count":2,"href":"https:\/\/asisucedegto.mx\/inicio\/wp-json\/wp\/v2\/posts\/22312\/revisions"}],"predecessor-version":[{"id":22318,"href":"https:\/\/asisucedegto.mx\/inicio\/wp-json\/wp\/v2\/posts\/22312\/revisions\/22318"}],"wp:featuredmedia":[{"embeddable":true,"href":"https:\/\/asisucedegto.mx\/inicio\/wp-json\/wp\/v2\/media\/22316"}],"wp:attachment":[{"href":"https:\/\/asisucedegto.mx\/inicio\/wp-json\/wp\/v2\/media?parent=22312"}],"wp:term":[{"taxonomy":"category","embeddable":true,"href":"https:\/\/asisucedegto.mx\/inicio\/wp-json\/wp\/v2\/categories?post=22312"},{"taxonomy":"post_tag","embeddable":true,"href":"https:\/\/asisucedegto.mx\/inicio\/wp-json\/wp\/v2\/tags?post=22312"}],"curies":[{"name":"wp","href":"https:\/\/api.w.org\/{rel}","templated":true}]}}