{"id":22313,"date":"2026-08-31T19:59:18","date_gmt":"2026-08-31T19:59:18","guid":{"rendered":"https:\/\/asisucedegto.mx\/inicio\/?p=22313"},"modified":"2026-08-31T19:59:18","modified_gmt":"2026-08-31T19:59:18","slug":"cuentacuentos-de-seis-paises-llegaran-a-celaya","status":"publish","type":"post","link":"https:\/\/asisucedegto.mx\/inicio\/cuentacuentos-de-seis-paises-llegaran-a-celaya\/","title":{"rendered":"\u00a1Cuentacuentos de seis pa\u00edses llegar\u00e1n a Celaya!"},"content":{"rendered":"\n<p class=\"wp-block-paragraph\"><strong>Celaya, Gto., 31 de agosto de 2026.<\/strong> Con m\u00e1s de 80 presentaciones en escuelas, espacios p\u00fablicos, en los centros culturales EsperanzArte y varias funciones de gala, del 20 al 26 de septiembre se realizar\u00e1 la 18 edici\u00f3n del Festival Internacional de Narraci\u00f3n Oral \u201cPalabras al Viento\u201d, uno de los eventos en su g\u00e9nero con mayor tradici\u00f3n en M\u00e9xico y en Am\u00e9rica Latina.<\/p>\n\n\n\n<p class=\"wp-block-paragraph\"><br>La presentaci\u00f3n del festival se realiz\u00f3 este lunes en rueda de prensa encabezada por el presidente Juan Miguel Ram\u00edrez, acompa\u00f1ado por la presidenta del Patronato del DIF municipal, Laura Casillas, as\u00ed como la directora del Instituto Municipal de Arte y Cultura, Aleida Ocampo, quien ofreci\u00f3 la informaci\u00f3n general del evento que contar\u00e1 con cuentacuentos y narradores invitados de talla nacional e internacional.<\/p>\n\n\n\n<p class=\"wp-block-paragraph\"><br>El director de Patrimonio y Desarrollo Cultural del INSMACC, Walter D\u00edas, detall\u00f3 que para esta edici\u00f3n de \u201cPalabras al Viento\u201d ser\u00e1n 6 narradores internacionales provenientes de Argentina, Jap\u00f3n, Colombia, Espa\u00f1a, Italia y por supuesto de M\u00e9xico.<br>Tambi\u00e9n estar\u00e1n representantes de estados como Tlaxcala, Hidalgo, Veracruz, Ciudad de M\u00e9xico, as\u00ed como cuentacuentos estatales y locales.<\/p>\n\n\n\n<p class=\"wp-block-paragraph\"><br>Las funciones ya programadas se realizar\u00e1n en 30 escuelas, 30 centros culturales EsperanzArte, en 15 Bibliotecas, adem\u00e1s de 6 galas de narraci\u00f3n: Con voz de mujer, historias de tradici\u00f3n oral, historias de humor, historias de terror, historias er\u00f3ticas y una especial para ni\u00f1as y ni\u00f1os. Las \u00faltimas seis ser\u00e1n en el Teatro de la Ciudad, con costo, pero el resto se realizar\u00e1n de manera gratuita.<\/p>\n\n\n\n<p class=\"wp-block-paragraph\"><br>La inauguraci\u00f3n del Festival \u201cPalabras al Viento\u201d ser\u00e1 el domingo 20 de septiembre, a las 4:00 de la tarde, en el jard\u00edn principal.<br>Los detalles y programaci\u00f3n completa se podr\u00e1n consultar a trav\u00e9s de los sitios oficiales y redes sociales del Instituto de Arte y Cultura de Celaya.<\/p>\n\n\n\n<p class=\"wp-block-paragraph\">Municipio recibe Premio a las Mejores Pr\u00e1cticas de Gobiernos Locales 2026 por implementaci\u00f3n del programa EsperanzArte<br>En la rueda de prensa, el alcalde Juan Miguel Ram\u00edrez inform\u00f3 sobre el Premio a las Mejores Pr\u00e1cticas de Gobiernos Locales que recibi\u00f3 el municipio, en el marco del 17 Aniversario de \u201cAlcaldes de M\u00e9xico\u201d, el pasado 26 de agosto, en la Ciudad de M\u00e9xico.<\/p>\n\n\n\n<p class=\"wp-block-paragraph\"><br>EL reconocimiento se otorg\u00f3 a Celaya por la pol\u00edtica cultural implementada por la presente administraci\u00f3n, al haber puesto en marcha el programa EsperanzArte para acercar el arte y la cultura a las colonias, barrios y comunidades de Celaya.<br>A la fecha Celaya cuenta con 65 de estos espacios de reconstrucci\u00f3n social a trav\u00e9s del arte y la meta es llegar a 100 durante el ejercicio de la presente administraci\u00f3n.<\/p>\n\n\n\n<p class=\"wp-block-paragraph\"><br>El presidente municipal reconoci\u00f3 el trabajo del equipo del INSMACC, del Ayuntamiento por confiar y autorizar recursos a este programa, as\u00ed como a las diferentes direcciones del Gabinete Municipal que en cada nuevo centro que se abre, participan para que sea un \u00e9xito.<\/p>\n","protected":false},"excerpt":{"rendered":"<p>Celaya, Gto., 31 de agosto de 2026. Con m\u00e1s de 80 presentaciones en escuelas, espacios p\u00fablicos, en los centros culturales EsperanzArte y varias funciones de gala, del 20 al 26 de septiembre se realizar\u00e1 la 18 edici\u00f3n del Festival Internacional de Narraci\u00f3n Oral \u201cPalabras al Viento\u201d, uno de los eventos en su g\u00e9nero con mayor [&hellip;]<\/p>\n","protected":false},"author":3,"featured_media":22314,"comment_status":"open","ping_status":"open","sticky":false,"template":"","format":"standard","meta":{"footnotes":""},"categories":[7,4],"tags":[],"class_list":["post-22313","post","type-post","status-publish","format-standard","has-post-thumbnail","hentry","category-celaya","category-noticias"],"_links":{"self":[{"href":"https:\/\/asisucedegto.mx\/inicio\/wp-json\/wp\/v2\/posts\/22313","targetHints":{"allow":["GET"]}}],"collection":[{"href":"https:\/\/asisucedegto.mx\/inicio\/wp-json\/wp\/v2\/posts"}],"about":[{"href":"https:\/\/asisucedegto.mx\/inicio\/wp-json\/wp\/v2\/types\/post"}],"author":[{"embeddable":true,"href":"https:\/\/asisucedegto.mx\/inicio\/wp-json\/wp\/v2\/users\/3"}],"replies":[{"embeddable":true,"href":"https:\/\/asisucedegto.mx\/inicio\/wp-json\/wp\/v2\/comments?post=22313"}],"version-history":[{"count":1,"href":"https:\/\/asisucedegto.mx\/inicio\/wp-json\/wp\/v2\/posts\/22313\/revisions"}],"predecessor-version":[{"id":22315,"href":"https:\/\/asisucedegto.mx\/inicio\/wp-json\/wp\/v2\/posts\/22313\/revisions\/22315"}],"wp:featuredmedia":[{"embeddable":true,"href":"https:\/\/asisucedegto.mx\/inicio\/wp-json\/wp\/v2\/media\/22314"}],"wp:attachment":[{"href":"https:\/\/asisucedegto.mx\/inicio\/wp-json\/wp\/v2\/media?parent=22313"}],"wp:term":[{"taxonomy":"category","embeddable":true,"href":"https:\/\/asisucedegto.mx\/inicio\/wp-json\/wp\/v2\/categories?post=22313"},{"taxonomy":"post_tag","embeddable":true,"href":"https:\/\/asisucedegto.mx\/inicio\/wp-json\/wp\/v2\/tags?post=22313"}],"curies":[{"name":"wp","href":"https:\/\/api.w.org\/{rel}","templated":true}]}}