{"id":22319,"date":"2026-08-31T21:49:25","date_gmt":"2026-08-31T21:49:25","guid":{"rendered":"https:\/\/asisucedegto.mx\/inicio\/?p=22319"},"modified":"2026-08-31T21:49:25","modified_gmt":"2026-08-31T21:49:25","slug":"garantizan-seguridad-en-entornos-escolares-durante-el-ciclo-2026-2027","status":"publish","type":"post","link":"https:\/\/asisucedegto.mx\/inicio\/garantizan-seguridad-en-entornos-escolares-durante-el-ciclo-2026-2027\/","title":{"rendered":"Garantizan seguridad en entornos escolares durante el ciclo 2026-2027"},"content":{"rendered":"\n<p class=\"wp-block-paragraph\"><strong>Dolores Hidalgo, Gto., 31 de agosto de 2026.-<\/strong>&nbsp;\u201cQueremos que cada estudiante vaya y regrese de su escuela con tranquilidad y seguridad\u201d, expres\u00f3 Juan Mauro Gonz\u00e1lez Mart\u00ednez, secretario de Seguridad y Paz, a las y los alumnos de la escuela primaria urbana No.2 \u201cHero\u00ednas de M\u00e9xico\u201d, durante el arranque del ciclo escolar 2026-2027.<\/p>\n\n\n\n<p class=\"wp-block-paragraph\">El secretario acudi\u00f3 en representaci\u00f3n de la Gobernadora de la Gente, Libia Dennise Garc\u00eda Mu\u00f1oz Ledo, y anunci\u00f3 la vigilancia en los entornos escolares y en los caminos del estado.&nbsp;<\/p>\n\n\n\n<p class=\"wp-block-paragraph\">\u201cTenemos muy claro nuestro compromiso. Por ello, reforzaremos la vigilancia en los entornos escolares y en los caminos, siempre en coordinaci\u00f3n con las autoridades educativas, las madres y padres de familia, y nuestras maestras y maestros\u201d, se\u00f1al\u00f3 el secretario.&nbsp;<\/p>\n\n\n\n<p class=\"wp-block-paragraph\">Adem\u00e1s comparti\u00f3 con las y los 626 estudiantes de la escuela primaria un mensaje en el que los invit\u00f3 a aprovechar las oportunidades que hoy tienen para prepararse, permanecer en las aulas y concluir su formaci\u00f3n.<\/p>\n\n\n\n<p class=\"wp-block-paragraph\">\u201cHoy suena de nuevo la campana y con ella comienza una nueva oportunidad para aprender, crecer y construir nuestros sue\u00f1os (\u2026)&nbsp; Regresar a clases no significa solamente abrir las puertas&nbsp;<\/p>\n\n\n\n<p class=\"wp-block-paragraph\">de las escuelas. Significa estar cerca de nuestras ni\u00f1as, ni\u00f1os, j\u00f3venes, docentes y familias; escuchar sus necesidades y atenderlas oportunamente\u201d, mencion\u00f3 el secretario.&nbsp;<\/p>\n\n\n\n<p class=\"wp-block-paragraph\">En Guanajuato m\u00e1s de 1.7 millones de estudiantes regresaron este lunes a clases, acompa\u00f1ados por alrededor de 98 mil maestras y maestros, en m\u00e1s de 13 mil planteles educativos.<\/p>\n\n\n\n<p class=\"wp-block-paragraph\">El secretario destac\u00f3 tambi\u00e9n que durante este ciclo 581 mil 494 estudiantes de primarias p\u00fablicas recibir\u00e1n paquetes de \u00fatiles escolares y mochilas, con una inversi\u00f3n cercana a los 322 millones de pesos, lo que apoyar\u00e1 tanto su permanencia en la escuela como la econom\u00eda de sus familias.<\/p>\n\n\n\n<p class=\"wp-block-paragraph\">La directora de la escuela, Bel\u00e9n Reyes Guzm\u00e1n, resalt\u00f3 el compromiso de las y los docentes por generar un espacio con valores y promover la sana convivencia.&nbsp;<\/p>\n\n\n\n<p class=\"wp-block-paragraph\">\u201cS\u00e9 que este ciclo estar\u00e1 lleno de retos, pero podremos alcanzar los objetivos. A ustedes, alumnos y alumnas, los invito a dar su m\u00e1ximo esfuerzo. Recuerden que cada d\u00eda es una oportunidad para ser mejores ciudadanos\u201d, se\u00f1al\u00f3.&nbsp;<\/p>\n\n\n\n<p class=\"wp-block-paragraph\">Fespo, mascota animada de las Fuerzas de Seguridad P\u00fablica del Estado (FSPE), tambi\u00e9n acudi\u00f3 a dar la bienvenida a las y los alumnos. Adem\u00e1s, integrantes operativos asistieron con unidades para saludar a la poblaci\u00f3n estudiantil.&nbsp;<\/p>\n\n\n\n<p class=\"wp-block-paragraph\">La ceremonia cont\u00f3 con la presencia de Teresa Pe\u00f1a Guti\u00e9rrez, secretaria del Ayuntamiento de Dolores; la diputada local Ang\u00e9lica Casillas Mart\u00ednez; la directora de la primaria \u201cHero\u00ednas de M\u00e9xico\u201d, Bel\u00e9n Berenice Reyes Guzm\u00e1n; y J. Guadalupe Grimaldo Ayala, representante del Sindicato Nacional de Trabajadores de la Educaci\u00f3n (SNTE).&nbsp;<\/p>\n","protected":false},"excerpt":{"rendered":"<p>Dolores Hidalgo, Gto., 31 de agosto de 2026.-&nbsp;\u201cQueremos que cada estudiante vaya y regrese de su escuela con tranquilidad y seguridad\u201d, expres\u00f3 Juan Mauro Gonz\u00e1lez Mart\u00ednez, secretario de Seguridad y Paz, a las y los alumnos de la escuela primaria urbana No.2 \u201cHero\u00ednas de M\u00e9xico\u201d, durante el arranque del ciclo escolar 2026-2027. El secretario acudi\u00f3 [&hellip;]<\/p>\n","protected":false},"author":3,"featured_media":22325,"comment_status":"open","ping_status":"open","sticky":false,"template":"","format":"standard","meta":{"footnotes":""},"categories":[11,4],"tags":[],"class_list":["post-22319","post","type-post","status-publish","format-standard","has-post-thumbnail","hentry","category-estado","category-noticias"],"_links":{"self":[{"href":"https:\/\/asisucedegto.mx\/inicio\/wp-json\/wp\/v2\/posts\/22319","targetHints":{"allow":["GET"]}}],"collection":[{"href":"https:\/\/asisucedegto.mx\/inicio\/wp-json\/wp\/v2\/posts"}],"about":[{"href":"https:\/\/asisucedegto.mx\/inicio\/wp-json\/wp\/v2\/types\/post"}],"author":[{"embeddable":true,"href":"https:\/\/asisucedegto.mx\/inicio\/wp-json\/wp\/v2\/users\/3"}],"replies":[{"embeddable":true,"href":"https:\/\/asisucedegto.mx\/inicio\/wp-json\/wp\/v2\/comments?post=22319"}],"version-history":[{"count":2,"href":"https:\/\/asisucedegto.mx\/inicio\/wp-json\/wp\/v2\/posts\/22319\/revisions"}],"predecessor-version":[{"id":22326,"href":"https:\/\/asisucedegto.mx\/inicio\/wp-json\/wp\/v2\/posts\/22319\/revisions\/22326"}],"wp:featuredmedia":[{"embeddable":true,"href":"https:\/\/asisucedegto.mx\/inicio\/wp-json\/wp\/v2\/media\/22325"}],"wp:attachment":[{"href":"https:\/\/asisucedegto.mx\/inicio\/wp-json\/wp\/v2\/media?parent=22319"}],"wp:term":[{"taxonomy":"category","embeddable":true,"href":"https:\/\/asisucedegto.mx\/inicio\/wp-json\/wp\/v2\/categories?post=22319"},{"taxonomy":"post_tag","embeddable":true,"href":"https:\/\/asisucedegto.mx\/inicio\/wp-json\/wp\/v2\/tags?post=22319"}],"curies":[{"name":"wp","href":"https:\/\/api.w.org\/{rel}","templated":true}]}}