{"id":22327,"date":"2026-08-31T22:38:44","date_gmt":"2026-08-31T22:38:44","guid":{"rendered":"https:\/\/asisucedegto.mx\/inicio\/?p=22327"},"modified":"2026-08-31T22:38:44","modified_gmt":"2026-08-31T22:38:44","slug":"me-quitare-la-playera-partidista-raul-bolanos-promete-neutralidad-como-presidente-de-la-camara-de-diputados","status":"publish","type":"post","link":"https:\/\/asisucedegto.mx\/inicio\/me-quitare-la-playera-partidista-raul-bolanos-promete-neutralidad-como-presidente-de-la-camara-de-diputados\/","title":{"rendered":"\u201cMe quitar\u00e9 la playera partidista\u201d: Ra\u00fal Bola\u00f1os promete neutralidad como presidente de la C\u00e1mara de Diputados"},"content":{"rendered":"\n<p class=\"wp-block-paragraph\">CDMX, 31 de Agosto de 2026.- <strong>Ra\u00fal Bola\u00f1os-Cacho Cu\u00e9<\/strong>\u00a0afirm\u00f3 que se conducir\u00e1 con\u00a0<strong>neutralidad<\/strong>\u00a0al presidir la\u00a0<strong>Mesa Directiva<\/strong>\u00a0de la\u00a0<strong>C\u00e1mara de Diputados<\/strong>, a fin de garantizar que todas las voces sean escuchadas.<\/p>\n\n\n\n<p class=\"wp-block-paragraph\">En entrevista con&nbsp;<strong>Joaqu\u00edn L\u00f3pez-D\u00f3riga<\/strong>&nbsp;para&nbsp;<em>Radio F\u00f3rmula<\/em>&nbsp;el diputado destac\u00f3 que es la primera vez que el&nbsp;<strong>Partido Verde Ecologista de M\u00e9xico<\/strong>&nbsp;(PVEM) preside San L\u00e1zaro por todo un periodo, al convertirse en la tercera fuerza pol\u00edtica de la c\u00e1mara.<\/p>\n\n\n\n<p class=\"wp-block-paragraph\">An\u00e1lisis pol\u00edtico<\/p>\n\n\n\n<blockquote class=\"wp-block-quote is-layout-flow wp-block-quote-is-layout-flow\">\n<p class=\"wp-block-paragraph\">Ahora yo tengo el honor y la confianza de mi grupo parlamentario para ser la propuesta para presidir la Mesa Directiva\u2026 Hoy somos la tercera fuerza pol\u00edtica en la C\u00e1mara de Diputados, 63 diputadas y diputados comprometid\u00edsimos con nuestro pa\u00eds\u201d, dijo.<\/p>\n<\/blockquote>\n\n\n\n<h2 class=\"wp-block-heading\">&nbsp;Ra\u00fal Bola\u00f1os promete neutralidad pese a alianza del Partido Verde con Morena<\/h2>\n\n\n\n<p class=\"wp-block-paragraph\">El diputado&nbsp;<strong>Ra\u00fal Bola\u00f1os<\/strong>&nbsp;detall\u00f3 que como&nbsp;<strong>presidente<\/strong>&nbsp;de la&nbsp;<strong>Mesa Directiva<\/strong>&nbsp;de la&nbsp;<strong>C\u00e1mara de Diputados<\/strong>&nbsp;representar\u00e1 a una instituci\u00f3n y no a su partido de origen, el Partido Verde, con lo que la alianza con Morena no tendr\u00e1 cabida.<\/p>\n\n\n\n<blockquote class=\"wp-block-quote is-layout-flow wp-block-quote-is-layout-flow\">\n<p class=\"wp-block-paragraph\">A partir de que yo tome protesta me quitar\u00e9 la playera partidista para asumir la responsabilidad institucional y actuar\u00e9 con estricto apego a la ley y con plena neutralidad, garantizando que todas las voces de esta C\u00e1mara sean escuchadas\u201d, asegur\u00f3.<\/p>\n<\/blockquote>\n\n\n\n<p class=\"wp-block-paragraph\">Sostuvo que con&nbsp;<strong>pluralidad<\/strong>&nbsp;fortalecer\u00e1 el&nbsp;<strong>sistema democr\u00e1tico<\/strong>&nbsp;dentro de&nbsp;<strong>San L\u00e1zaro<\/strong>.<\/p>\n\n\n\n<blockquote class=\"wp-block-quote is-layout-flow wp-block-quote-is-layout-flow\">\n<p class=\"wp-block-paragraph\">Yo no soy de esos que creen que no debemos de hablar con la oposici\u00f3n. Yo soy de los que cree que la pol\u00edtica debe y es punto de encuentro. Y yo aspiro a que esta C\u00e1mara pueda ser recordada por su capacidad para construir acuerdos y de hacer buena pol\u00edtica\u201d, resalt\u00f3.<\/p>\n<\/blockquote>\n\n\n\n<h2 class=\"wp-block-heading\">&nbsp;Instalaci\u00f3n del Congreso ser\u00e1 una \u201csesi\u00f3n bastante compleja\u201d<\/h2>\n\n\n\n<p class=\"wp-block-paragraph\">El diputado Bola\u00f1os adelant\u00f3 que la instalaci\u00f3n del C<strong>ongreso de la Uni\u00f3n<\/strong>&nbsp;se avizora como una&nbsp;<strong>sesi\u00f3n bastante compleja<\/strong>, pero que trabajar\u00e1 por crear una sesi\u00f3n seria, en la que \u201cvalgan m\u00e1s los argumentos que los insultos\u201d.<\/p>\n\n\n\n<blockquote class=\"wp-block-quote is-layout-flow wp-block-quote-is-layout-flow\">\n<p class=\"wp-block-paragraph\">Yo espero que gane el debate serio, el an\u00e1lisis profundo del Informe de la presidenta (Claudia Sheinbaum) y que le demos un buen ejemplo a las y los mexicanos. Pero nada que con mucho di\u00e1logo, mucha paciencia, serenidad y platicando con todas y todos no podamos avanzar\u201d, indic\u00f3.<\/p>\n<\/blockquote>\n\n\n\n<p class=\"wp-block-paragraph\">En este sentido, explic\u00f3 que a las 11:00 h acompa\u00f1ar\u00e1 a la&nbsp;<strong>presidenta Claudia Sheinbaum<\/strong>&nbsp;en la presentaci\u00f3n de su&nbsp;<strong>Segundo Informe de Gobierno<\/strong>.<\/p>\n\n\n\n<p class=\"wp-block-paragraph\">Posteriormente, a las 17:00 h, presidir\u00e1 la sesi\u00f3n del Congreso de la Uni\u00f3n en la que la secretaria de Gobernaci\u00f3n, Rosa Icela Rodr\u00edguez, entregar\u00e1 el documento para su&nbsp;<strong>discusi\u00f3n<\/strong>.<\/p>\n\n\n\n<blockquote class=\"wp-block-quote is-layout-flow wp-block-quote-is-layout-flow\">\n<p class=\"wp-block-paragraph\">A partir de ah\u00ed son los posicionamientos de los Grupos Parlamentarios, donde yo insisto, esperemos que reine la seriedad y la buena pol\u00edtica\u201d, concluy\u00f3.<\/p>\n<\/blockquote>\n\n\n\n<p class=\"wp-block-paragraph\">Con informaci\u00f3n de L\u00f3pez-D\u00f3riga Digital<\/p>\n\n\n\n<p class=\"wp-block-paragraph\">Contenido entretenimiento<\/p>\n\n\n\n<p class=\"wp-block-paragraph\"><\/p>\n","protected":false},"excerpt":{"rendered":"<p>CDMX, 31 de Agosto de 2026.- Ra\u00fal Bola\u00f1os-Cacho Cu\u00e9\u00a0afirm\u00f3 que se conducir\u00e1 con\u00a0neutralidad\u00a0al presidir la\u00a0Mesa Directiva\u00a0de la\u00a0C\u00e1mara de Diputados, a fin de garantizar que todas las voces sean escuchadas. En entrevista con&nbsp;Joaqu\u00edn L\u00f3pez-D\u00f3riga&nbsp;para&nbsp;Radio F\u00f3rmula&nbsp;el diputado destac\u00f3 que es la primera vez que el&nbsp;Partido Verde Ecologista de M\u00e9xico&nbsp;(PVEM) preside San L\u00e1zaro por todo un periodo, al [&hellip;]<\/p>\n","protected":false},"author":3,"featured_media":22328,"comment_status":"open","ping_status":"open","sticky":false,"template":"","format":"standard","meta":{"footnotes":""},"categories":[13,4],"tags":[],"class_list":["post-22327","post","type-post","status-publish","format-standard","has-post-thumbnail","hentry","category-nacional","category-noticias"],"_links":{"self":[{"href":"https:\/\/asisucedegto.mx\/inicio\/wp-json\/wp\/v2\/posts\/22327","targetHints":{"allow":["GET"]}}],"collection":[{"href":"https:\/\/asisucedegto.mx\/inicio\/wp-json\/wp\/v2\/posts"}],"about":[{"href":"https:\/\/asisucedegto.mx\/inicio\/wp-json\/wp\/v2\/types\/post"}],"author":[{"embeddable":true,"href":"https:\/\/asisucedegto.mx\/inicio\/wp-json\/wp\/v2\/users\/3"}],"replies":[{"embeddable":true,"href":"https:\/\/asisucedegto.mx\/inicio\/wp-json\/wp\/v2\/comments?post=22327"}],"version-history":[{"count":2,"href":"https:\/\/asisucedegto.mx\/inicio\/wp-json\/wp\/v2\/posts\/22327\/revisions"}],"predecessor-version":[{"id":22330,"href":"https:\/\/asisucedegto.mx\/inicio\/wp-json\/wp\/v2\/posts\/22327\/revisions\/22330"}],"wp:featuredmedia":[{"embeddable":true,"href":"https:\/\/asisucedegto.mx\/inicio\/wp-json\/wp\/v2\/media\/22328"}],"wp:attachment":[{"href":"https:\/\/asisucedegto.mx\/inicio\/wp-json\/wp\/v2\/media?parent=22327"}],"wp:term":[{"taxonomy":"category","embeddable":true,"href":"https:\/\/asisucedegto.mx\/inicio\/wp-json\/wp\/v2\/categories?post=22327"},{"taxonomy":"post_tag","embeddable":true,"href":"https:\/\/asisucedegto.mx\/inicio\/wp-json\/wp\/v2\/tags?post=22327"}],"curies":[{"name":"wp","href":"https:\/\/api.w.org\/{rel}","templated":true}]}}