{"id":22345,"date":"2026-09-01T01:17:21","date_gmt":"2026-09-01T01:17:21","guid":{"rendered":"https:\/\/asisucedegto.mx\/inicio\/?p=22345"},"modified":"2026-09-01T01:17:22","modified_gmt":"2026-09-01T01:17:22","slug":"hombre-muere-tras-ataque-a-balazos-en-la-zona-de-la-venta-en-irapuato","status":"publish","type":"post","link":"https:\/\/asisucedegto.mx\/inicio\/hombre-muere-tras-ataque-a-balazos-en-la-zona-de-la-venta-en-irapuato\/","title":{"rendered":"Hombre muere tras ataque a balazos en la zona de La Venta, en Irapuato"},"content":{"rendered":"\n<p class=\"wp-block-paragraph\">Irapuato, 31 de Agosto de 2026.- Un hombre perdi\u00f3 la vida tras ser v\u00edctima de un ataque con arma de fuego registrado la tarde de este lunes en la zona de La Venta, en Irapuato.<\/p>\n\n\n\n<p class=\"wp-block-paragraph\"><br>De acuerdo con informaci\u00f3n de la Secretar\u00eda de Seguridad Ciudadana, el reporte fue recibido a trav\u00e9s del sistema de emergencias 9-1-1 y se\u00f1alaba a una persona lesionada por disparos en el cruce de la salida a Pueblo Nuevo y el bulevar Mariano J. Garc\u00eda.<\/p>\n\n\n\n<p class=\"wp-block-paragraph\"><br>Tras la llamada de auxilio, elementos de corporaciones de los tres niveles de gobierno se trasladaron al lugar, donde param\u00e9dicos confirmaron que el hombre ya no presentaba signos vitales.<\/p>\n\n\n\n<p class=\"wp-block-paragraph\"><br>La zona fue asegurada y se notific\u00f3 a la Fiscal\u00eda General del Estado para el inicio de las investigaciones correspondientes y el procesamiento de la escena.<\/p>\n\n\n\n<p class=\"wp-block-paragraph\"><br>Hasta el momento, no se han informado p\u00fablicamente las circunstancias en las que ocurri\u00f3 la agresi\u00f3n ni se reportan personas detenidas por estos hechos.<\/p>\n","protected":false},"excerpt":{"rendered":"<p>Irapuato, 31 de Agosto de 2026.- Un hombre perdi\u00f3 la vida tras ser v\u00edctima de un ataque con arma de fuego registrado la tarde de este lunes en la zona de La Venta, en Irapuato. De acuerdo con informaci\u00f3n de la Secretar\u00eda de Seguridad Ciudadana, el reporte fue recibido a trav\u00e9s del sistema de emergencias [&hellip;]<\/p>\n","protected":false},"author":3,"featured_media":22347,"comment_status":"open","ping_status":"open","sticky":false,"template":"","format":"standard","meta":{"footnotes":""},"categories":[4,6],"tags":[],"class_list":["post-22345","post","type-post","status-publish","format-standard","has-post-thumbnail","hentry","category-noticias","category-policiaca"],"_links":{"self":[{"href":"https:\/\/asisucedegto.mx\/inicio\/wp-json\/wp\/v2\/posts\/22345","targetHints":{"allow":["GET"]}}],"collection":[{"href":"https:\/\/asisucedegto.mx\/inicio\/wp-json\/wp\/v2\/posts"}],"about":[{"href":"https:\/\/asisucedegto.mx\/inicio\/wp-json\/wp\/v2\/types\/post"}],"author":[{"embeddable":true,"href":"https:\/\/asisucedegto.mx\/inicio\/wp-json\/wp\/v2\/users\/3"}],"replies":[{"embeddable":true,"href":"https:\/\/asisucedegto.mx\/inicio\/wp-json\/wp\/v2\/comments?post=22345"}],"version-history":[{"count":1,"href":"https:\/\/asisucedegto.mx\/inicio\/wp-json\/wp\/v2\/posts\/22345\/revisions"}],"predecessor-version":[{"id":22348,"href":"https:\/\/asisucedegto.mx\/inicio\/wp-json\/wp\/v2\/posts\/22345\/revisions\/22348"}],"wp:featuredmedia":[{"embeddable":true,"href":"https:\/\/asisucedegto.mx\/inicio\/wp-json\/wp\/v2\/media\/22347"}],"wp:attachment":[{"href":"https:\/\/asisucedegto.mx\/inicio\/wp-json\/wp\/v2\/media?parent=22345"}],"wp:term":[{"taxonomy":"category","embeddable":true,"href":"https:\/\/asisucedegto.mx\/inicio\/wp-json\/wp\/v2\/categories?post=22345"},{"taxonomy":"post_tag","embeddable":true,"href":"https:\/\/asisucedegto.mx\/inicio\/wp-json\/wp\/v2\/tags?post=22345"}],"curies":[{"name":"wp","href":"https:\/\/api.w.org\/{rel}","templated":true}]}}