{"id":22349,"date":"2026-09-01T01:34:56","date_gmt":"2026-09-01T01:34:56","guid":{"rendered":"https:\/\/asisucedegto.mx\/inicio\/?p=22349"},"modified":"2026-09-01T01:34:57","modified_gmt":"2026-09-01T01:34:57","slug":"instalan-puesto-de-comando-en-guanajuato-para-reforzar-respuesta-ante-emergencias","status":"publish","type":"post","link":"https:\/\/asisucedegto.mx\/inicio\/instalan-puesto-de-comando-en-guanajuato-para-reforzar-respuesta-ante-emergencias\/","title":{"rendered":"Instalan Puesto de Comando en Guanajuato para reforzar respuesta ante emergencias"},"content":{"rendered":"\n<p class=\"wp-block-paragraph\"><strong>Le\u00f3n, Gto. 31 de agosto de 2026<\/strong>.- El Gobierno de la Gente fortalece la coordinaci\u00f3n entre Federaci\u00f3n y municipios para anticipar riesgos, tomar decisiones oportunas y responder con rapidez ante cualquier emergencia que pudiera afectar a las familias, sus bienes, el campo o la infraestructura p\u00fablica.<\/p>\n\n\n\n<p class=\"wp-block-paragraph\">La Gobernadora de la Gente, Libia Dennise Garc\u00eda Mu\u00f1oz Ledo, presidi\u00f3 la Tercera Sesi\u00f3n Ordinaria 2026 del Consejo Estatal de Protecci\u00f3n Civil y la instalaci\u00f3n del Puesto de Comando en Guanajuato, acompa\u00f1ada de Laura Vel\u00e1zquez Alz\u00faa, Coordinadora Nacional de Protecci\u00f3n Civil.<\/p>\n\n\n\n<p class=\"wp-block-paragraph\">\u201cLa presencia de todas y todos ustedes, renueva el compromiso que tenemos por nuestra gente, por ello, con la puesta en marcha de este comando, fortalecemos nuestra capacidad de coordinaci\u00f3n, de respuesta inmediata y es un gran mensaje, porque cuando trabajamos en equipo somos imparables\u201d, expres\u00f3 la Gobernadora.<\/p>\n\n\n\n<p class=\"wp-block-paragraph\">En esta sesi\u00f3n se dio seguimiento al trabajo permanente del Consejo Estatal de Protecci\u00f3n Civil en atenci\u00f3n a la temporada de lluvias y ciclones tropicales, adem\u00e1s se present\u00f3 un balance de las precipitaciones registradas, el almacenamiento de las presas y las afectaciones atendidas.<\/p>\n\n\n\n<p class=\"wp-block-paragraph\">Se destacaron seis obras de prevenci\u00f3n y mitigaci\u00f3n de inundaciones en el r\u00edo Turbio, trabajos de border\u00eda, desazolve, instalaci\u00f3n y mejoramiento de estructuras y compuertas, entre otras acciones, contratados y supervisados por la Secretar\u00eda del Agua y Medio Ambiente (SAMA). Estas obras ayudan a proteger a comunidades y zonas productivas agr\u00edcolas y ganaderas de Manuel Doblado, Cuer\u00e1maro, Abasolo y P\u00e9njamo.<\/p>\n\n\n\n<p class=\"wp-block-paragraph\">Por su parte, la Coordinadora Nacional de Protecci\u00f3n Civil expuso los puntos de atenci\u00f3n en materia hidrometeorol\u00f3gica identificados en Guanajuato y convoc\u00f3 a las autoridades competentes a dar seguimiento a las obras y acciones necesarias para reducir la posibilidad de inundaciones.<\/p>\n\n\n\n<p class=\"wp-block-paragraph\">Este d\u00eda tambi\u00e9n se instal\u00f3 el Puesto de Comando, cuyo prop\u00f3sito es coordinar la capacidad de respuesta inmediata ante una emergencia o desastre, para brindar una atenci\u00f3n m\u00e1s r\u00e1pida, ordenada y cercana a quienes pudieran resultar afectados.<\/p>\n\n\n\n<p class=\"wp-block-paragraph\">El estado de Guanajuato cuenta con instancias de Coordinaci\u00f3n Municipal de Protecci\u00f3n Civil en los 46 municipios y en 42 de ellos operan 246 grupos CERT (Equipo Comunitario de Respuesta a Emergencias), con 2 mil 952 brigadistas comunitarios capacitados para identificar riesgos y brindar una primera respuesta.<\/p>\n\n\n\n<p class=\"wp-block-paragraph\">Se suman el Sistema de Alerta Hidrometeorol\u00f3gica Temprana, con dos radares Doppler y 164 estaciones de monitoreo; los comit\u00e9s APCE (Programa de Atenci\u00f3n a Poblaci\u00f3n en Condiciones de Emergencia) del DIF; el grupo especializado USAR-GTO; y el trabajo t\u00e9cnico para revisar laderas y taludes inestables.<\/p>\n\n\n\n<p class=\"wp-block-paragraph\">\u201cCuando se trata de proteger a nuestra gente no hay niveles de Gobierno ni instancias que nos separen, sino m\u00e1s bien un solo prop\u00f3sito com\u00fan, que es darle resultados a nuestra gente, proteger a nuestra poblaci\u00f3n y estar listos y listas para responder ante cualquier emergencia en material de Protecci\u00f3n Civil\u201d, resalt\u00f3 Libia Dennise.<\/p>\n\n\n\n<p class=\"wp-block-paragraph\">En esta sesi\u00f3n estuvo presente Juan Mauro Gonz\u00e1lez Mart\u00ednez, Secretario de Seguridad y Paz; Jorge Daniel Jim\u00e9nez Lona, Secretario de Gobierno; Antonio G\u00fcereca P\u00e9rez, Coordinador Estatal de Protecci\u00f3n Civil; Jos\u00e9 Lara Lona, Secretario de Agua y Medio Ambiente; integrantes del Gabinete del Gobierno de la Gente; Presidentas y Presidentes Municipales; titulares de las Coordinaciones Municipales de Protecci\u00f3n Civil; adem\u00e1s de autoridades federales, estatales y municipales.<\/p>\n\n\n\n<p class=\"wp-block-paragraph\"><\/p>\n","protected":false},"excerpt":{"rendered":"<p>Le\u00f3n, Gto. 31 de agosto de 2026.- El Gobierno de la Gente fortalece la coordinaci\u00f3n entre Federaci\u00f3n y municipios para anticipar riesgos, tomar decisiones oportunas y responder con rapidez ante cualquier emergencia que pudiera afectar a las familias, sus bienes, el campo o la infraestructura p\u00fablica. La Gobernadora de la Gente, Libia Dennise Garc\u00eda Mu\u00f1oz [&hellip;]<\/p>\n","protected":false},"author":3,"featured_media":22350,"comment_status":"open","ping_status":"open","sticky":false,"template":"","format":"standard","meta":{"footnotes":""},"categories":[11],"tags":[],"class_list":["post-22349","post","type-post","status-publish","format-standard","has-post-thumbnail","hentry","category-estado"],"_links":{"self":[{"href":"https:\/\/asisucedegto.mx\/inicio\/wp-json\/wp\/v2\/posts\/22349","targetHints":{"allow":["GET"]}}],"collection":[{"href":"https:\/\/asisucedegto.mx\/inicio\/wp-json\/wp\/v2\/posts"}],"about":[{"href":"https:\/\/asisucedegto.mx\/inicio\/wp-json\/wp\/v2\/types\/post"}],"author":[{"embeddable":true,"href":"https:\/\/asisucedegto.mx\/inicio\/wp-json\/wp\/v2\/users\/3"}],"replies":[{"embeddable":true,"href":"https:\/\/asisucedegto.mx\/inicio\/wp-json\/wp\/v2\/comments?post=22349"}],"version-history":[{"count":1,"href":"https:\/\/asisucedegto.mx\/inicio\/wp-json\/wp\/v2\/posts\/22349\/revisions"}],"predecessor-version":[{"id":22351,"href":"https:\/\/asisucedegto.mx\/inicio\/wp-json\/wp\/v2\/posts\/22349\/revisions\/22351"}],"wp:featuredmedia":[{"embeddable":true,"href":"https:\/\/asisucedegto.mx\/inicio\/wp-json\/wp\/v2\/media\/22350"}],"wp:attachment":[{"href":"https:\/\/asisucedegto.mx\/inicio\/wp-json\/wp\/v2\/media?parent=22349"}],"wp:term":[{"taxonomy":"category","embeddable":true,"href":"https:\/\/asisucedegto.mx\/inicio\/wp-json\/wp\/v2\/categories?post=22349"},{"taxonomy":"post_tag","embeddable":true,"href":"https:\/\/asisucedegto.mx\/inicio\/wp-json\/wp\/v2\/tags?post=22349"}],"curies":[{"name":"wp","href":"https:\/\/api.w.org\/{rel}","templated":true}]}}