{"id":22353,"date":"2026-09-01T15:29:00","date_gmt":"2026-09-01T15:29:00","guid":{"rendered":"https:\/\/asisucedegto.mx\/inicio\/?p=22353"},"modified":"2026-09-01T15:29:00","modified_gmt":"2026-09-01T15:29:00","slug":"detienen-en-celaya-a-estadounidense-con-requerimiento-de-autoridades-de-eu","status":"publish","type":"post","link":"https:\/\/asisucedegto.mx\/inicio\/detienen-en-celaya-a-estadounidense-con-requerimiento-de-autoridades-de-eu\/","title":{"rendered":"Detienen en Celaya a estadounidense con requerimiento de autoridades de EU"},"content":{"rendered":"\n<p class=\"wp-block-paragraph\">La coordinaci\u00f3n y el intercambio de informaci\u00f3n tambi\u00e9n generan resultados.<\/p>\n\n\n\n<p class=\"wp-block-paragraph\"><strong>Celaya, Gto., 01 de septiembre del 2026.-<\/strong>En Celaya, integrantes de la Subsecretar\u00eda de Inteligencia Operacional de la Secretar\u00eda de Seguridad y Paz detuvieron a Mat\u00edas Daniel \u201cN\u201d, de 20 a\u00f1os y nacionalidad estadounidense, por una probable falta administrativa.<\/p>\n\n\n\n<p class=\"wp-block-paragraph\">Durante las verificaciones correspondientes se identific\u00f3 que contaba con un requerimiento de autoridades de Estados Unidos, por lo que se dio intervenci\u00f3n al Instituto Nacional de Migraci\u00f3n y se brind\u00f3 el apoyo necesario para continuar con el procedimiento correspondiente.<\/p>\n\n\n\n<p class=\"wp-block-paragraph\">Este tipo de acciones muestran la importancia de contar con instituciones coordinadas, informaci\u00f3n oportuna y mecanismos que permitan canalizar cada caso a la autoridad competente.<\/p>\n\n\n\n<p class=\"wp-block-paragraph\">Seguiremos fortaleciendo la colaboraci\u00f3n con instancias federales y los mecanismos institucionales que contribuyen a la seguridad, siempre dentro del marco de la ley y con respeto al debido proceso.<\/p>\n\n\n\n<p class=\"wp-block-paragraph\">Denuncia an\u00f3nima: 089.<\/p>\n","protected":false},"excerpt":{"rendered":"<p>La coordinaci\u00f3n y el intercambio de informaci\u00f3n tambi\u00e9n generan resultados. Celaya, Gto., 01 de septiembre del 2026.-En Celaya, integrantes de la Subsecretar\u00eda de Inteligencia Operacional de la Secretar\u00eda de Seguridad y Paz detuvieron a Mat\u00edas Daniel \u201cN\u201d, de 20 a\u00f1os y nacionalidad estadounidense, por una probable falta administrativa. Durante las verificaciones correspondientes se identific\u00f3 que [&hellip;]<\/p>\n","protected":false},"author":3,"featured_media":22354,"comment_status":"open","ping_status":"open","sticky":false,"template":"","format":"standard","meta":{"footnotes":""},"categories":[7,4,10],"tags":[],"class_list":["post-22353","post","type-post","status-publish","format-standard","has-post-thumbnail","hentry","category-celaya","category-noticias","category-seguridad"],"_links":{"self":[{"href":"https:\/\/asisucedegto.mx\/inicio\/wp-json\/wp\/v2\/posts\/22353","targetHints":{"allow":["GET"]}}],"collection":[{"href":"https:\/\/asisucedegto.mx\/inicio\/wp-json\/wp\/v2\/posts"}],"about":[{"href":"https:\/\/asisucedegto.mx\/inicio\/wp-json\/wp\/v2\/types\/post"}],"author":[{"embeddable":true,"href":"https:\/\/asisucedegto.mx\/inicio\/wp-json\/wp\/v2\/users\/3"}],"replies":[{"embeddable":true,"href":"https:\/\/asisucedegto.mx\/inicio\/wp-json\/wp\/v2\/comments?post=22353"}],"version-history":[{"count":1,"href":"https:\/\/asisucedegto.mx\/inicio\/wp-json\/wp\/v2\/posts\/22353\/revisions"}],"predecessor-version":[{"id":22356,"href":"https:\/\/asisucedegto.mx\/inicio\/wp-json\/wp\/v2\/posts\/22353\/revisions\/22356"}],"wp:featuredmedia":[{"embeddable":true,"href":"https:\/\/asisucedegto.mx\/inicio\/wp-json\/wp\/v2\/media\/22354"}],"wp:attachment":[{"href":"https:\/\/asisucedegto.mx\/inicio\/wp-json\/wp\/v2\/media?parent=22353"}],"wp:term":[{"taxonomy":"category","embeddable":true,"href":"https:\/\/asisucedegto.mx\/inicio\/wp-json\/wp\/v2\/categories?post=22353"},{"taxonomy":"post_tag","embeddable":true,"href":"https:\/\/asisucedegto.mx\/inicio\/wp-json\/wp\/v2\/tags?post=22353"}],"curies":[{"name":"wp","href":"https:\/\/api.w.org\/{rel}","templated":true}]}}