{"id":22357,"date":"2026-09-01T15:51:31","date_gmt":"2026-09-01T15:51:31","guid":{"rendered":"https:\/\/asisucedegto.mx\/inicio\/?p=22357"},"modified":"2026-09-01T15:51:31","modified_gmt":"2026-09-01T15:51:31","slug":"continuaran-lluvias-en-guanajuato-meteorologo-de-la-ug","status":"publish","type":"post","link":"https:\/\/asisucedegto.mx\/inicio\/continuaran-lluvias-en-guanajuato-meteorologo-de-la-ug\/","title":{"rendered":"Continuar\u00e1n lluvias en Guanajuato: meteor\u00f3logo de la UG"},"content":{"rendered":"\n<p class=\"wp-block-paragraph\"><strong>Guanajuato, Gto., 01 de Septiembre del 2026.-\u00a0<\/strong>El inicio de septiembre estar\u00e1 acompa\u00f1ado de lluvias y cielos mayormente nublados en Guanajuato, de acuerdo con el pron\u00f3stico climatol\u00f3gico del Mtro. Marcos Irineo Esquivel Longoria, Coordinador del \u00c1rea de Ciencias Atmosf\u00e9ricas y del Observatorio Meteorol\u00f3gico de la Universidad de Guanajuato (UG). Durante la semana del 31 de agosto al 6 de septiembre se prev\u00e9n precipitaciones continuas, principalmente entre lunes y jueves, mientras que las temperaturas se mantendr\u00e1n templadas.<\/p>\n\n\n\n<p class=\"wp-block-paragraph\">El Mtro. Esquivel Longoria mencion\u00f3 que entre lunes y jueves continuar\u00e1n las lluvias en Guanajuato, y en algunas zonas espec\u00edficas podr\u00edan registrarse precipitaciones de intensidad moderada a fuerte, por lo que recomend\u00f3 a la poblaci\u00f3n tomar precauciones ante posibles encharcamientos y otras afectaciones derivadas de la acumulaci\u00f3n de agua.<\/p>\n\n\n\n<p class=\"wp-block-paragraph\">En cuanto a las temperaturas, las m\u00e1ximas se mantendr\u00e1n entre los 27\u00b0C y 28\u00b0C en municipios como Le\u00f3n, Irapuato y Salamanca, as\u00ed como en algunas regiones del centro y sur del estado. Por las ma\u00f1anas, las temperaturas m\u00ednimas podr\u00edan ubicarse alrededor de los 12\u00b0C y 13\u00b0C.<\/p>\n\n\n\n<p class=\"wp-block-paragraph\">Respecto al viento, no se esperan r\u00e1fagas tan intensas como las registradas durante la semana pasada. En la mayor parte del estado se prev\u00e9n vientos ligeros, aunque en las zonas serranas podr\u00edan incrementarse ligeramente en intensidad.<\/p>\n\n\n\n<p class=\"wp-block-paragraph\">En materia de ciclones tropicales, inform\u00f3 que en el oc\u00e9ano Pac\u00edfico se encuentra un sistema de baja presi\u00f3n que presenta condiciones para intensificarse y convertirse en tormenta tropical hacia mediados de esta semana. Aunque el sistema se localiza alejado de las costas mexicanas, existe la posibilidad de que evolucione posteriormente a hurac\u00e1n. No obstante, explic\u00f3 que el fen\u00f3meno tender\u00eda a desplazarse alej\u00e1ndose del territorio nacional, por lo que no se prev\u00e9n efectos directos importantes sobre las costas de M\u00e9xico ni sobre la regi\u00f3n centro del pa\u00eds.<\/p>\n\n\n\n<p class=\"wp-block-paragraph\">Finalmente, invit\u00f3 a la poblaci\u00f3n a mantenerse informada sobre las condiciones meteorol\u00f3gicas mediante el portal web y las redes sociales del \u00c1rea de Ciencias Atmosf\u00e9ricas y del Observatorio Meteorol\u00f3gico de la Universidad de Guanajuato.<\/p>\n\n\n\n<p class=\"wp-block-paragraph\"><\/p>\n","protected":false},"excerpt":{"rendered":"<p>Guanajuato, Gto., 01 de Septiembre del 2026.-\u00a0El inicio de septiembre estar\u00e1 acompa\u00f1ado de lluvias y cielos mayormente nublados en Guanajuato, de acuerdo con el pron\u00f3stico climatol\u00f3gico del Mtro. Marcos Irineo Esquivel Longoria, Coordinador del \u00c1rea de Ciencias Atmosf\u00e9ricas y del Observatorio Meteorol\u00f3gico de la Universidad de Guanajuato (UG). Durante la semana del 31 de agosto [&hellip;]<\/p>\n","protected":false},"author":3,"featured_media":22360,"comment_status":"open","ping_status":"open","sticky":false,"template":"","format":"standard","meta":{"footnotes":""},"categories":[11,4],"tags":[],"class_list":["post-22357","post","type-post","status-publish","format-standard","has-post-thumbnail","hentry","category-estado","category-noticias"],"_links":{"self":[{"href":"https:\/\/asisucedegto.mx\/inicio\/wp-json\/wp\/v2\/posts\/22357","targetHints":{"allow":["GET"]}}],"collection":[{"href":"https:\/\/asisucedegto.mx\/inicio\/wp-json\/wp\/v2\/posts"}],"about":[{"href":"https:\/\/asisucedegto.mx\/inicio\/wp-json\/wp\/v2\/types\/post"}],"author":[{"embeddable":true,"href":"https:\/\/asisucedegto.mx\/inicio\/wp-json\/wp\/v2\/users\/3"}],"replies":[{"embeddable":true,"href":"https:\/\/asisucedegto.mx\/inicio\/wp-json\/wp\/v2\/comments?post=22357"}],"version-history":[{"count":1,"href":"https:\/\/asisucedegto.mx\/inicio\/wp-json\/wp\/v2\/posts\/22357\/revisions"}],"predecessor-version":[{"id":22361,"href":"https:\/\/asisucedegto.mx\/inicio\/wp-json\/wp\/v2\/posts\/22357\/revisions\/22361"}],"wp:featuredmedia":[{"embeddable":true,"href":"https:\/\/asisucedegto.mx\/inicio\/wp-json\/wp\/v2\/media\/22360"}],"wp:attachment":[{"href":"https:\/\/asisucedegto.mx\/inicio\/wp-json\/wp\/v2\/media?parent=22357"}],"wp:term":[{"taxonomy":"category","embeddable":true,"href":"https:\/\/asisucedegto.mx\/inicio\/wp-json\/wp\/v2\/categories?post=22357"},{"taxonomy":"post_tag","embeddable":true,"href":"https:\/\/asisucedegto.mx\/inicio\/wp-json\/wp\/v2\/tags?post=22357"}],"curies":[{"name":"wp","href":"https:\/\/api.w.org\/{rel}","templated":true}]}}