{"id":22358,"date":"2026-09-01T15:52:19","date_gmt":"2026-09-01T15:52:19","guid":{"rendered":"https:\/\/asisucedegto.mx\/inicio\/?p=22358"},"modified":"2026-09-01T15:52:19","modified_gmt":"2026-09-01T15:52:19","slug":"detienen-en-zacatecas-a-presunto-implicado-en-explosion-de-vehiculo-en-ojocaliente","status":"publish","type":"post","link":"https:\/\/asisucedegto.mx\/inicio\/detienen-en-zacatecas-a-presunto-implicado-en-explosion-de-vehiculo-en-ojocaliente\/","title":{"rendered":"Detienen en Zacatecas a presunto implicado en explosi\u00f3n de veh\u00edculo en Ojocaliente"},"content":{"rendered":"\n<p class=\"wp-block-paragraph\"><strong>Zacatecas., 01 de septiembre del 2026. Autoridades de Zacatecas<\/strong>\u00a0informaron de la\u00a0<strong>detenci\u00f3n<\/strong>\u00a0de\u00a0<strong>un presunto implicado<\/strong>\u00a0la\u00a0<strong>explosi\u00f3n<\/strong>\u00a0de un\u00a0<strong>veh\u00edculo<\/strong>\u00a0en las inmediaciones de la\u00a0<strong>Comandancia Municipal de<\/strong>\u00a0<strong>Ojocaliente<\/strong>\u00a0la noche del\u00a0<strong>domingo 30 de agosto de 2026<\/strong>, el cual dej\u00f3 un saldo de al menos\u00a0<strong>once\u00a0lesionados<\/strong>\u00a0y 40 viviendas da\u00f1adas.<\/p>\n\n\n\n<p class=\"wp-block-paragraph\">A trav\u00e9s de un mensaje en redes sociales, el secretario de Seguridad de la entidad,&nbsp;<strong>Arturo Medina Mayoral<\/strong>, quien explic\u00f3 que la detenci\u00f3n ocurri\u00f3 en la localidad de Piedra Gorda, en el municipio de Cuauht\u00e9moc.<\/p>\n\n\n\n<p class=\"wp-block-paragraph\">\u201cEfectivamente, a trav\u00e9s de trabajos de inteligencia se logr\u00f3 detectar un domicilio en\u00a0<strong>Piedra Gorda<\/strong>\u00a0en donde supuestamente se encontraban algunos criminales, algunos delincuentes\u201d, refiri\u00f3.<br><br>\u201cAl hacer el recorrido se localiz\u00f3 a uno de los integrantes, porque hay informaci\u00f3n suficiente para decir que form\u00f3 parte del equipo que llev\u00f3 a cabo el atentado. Se contin\u00faan con las operaciones, vamos a seguir sacando informaci\u00f3n\u201d, puntualiz\u00f3.<br><br>El detenido ser\u00e1 puesto a disposici\u00f3n de la&nbsp;<strong>Fiscal\u00eda de Zacatecas&nbsp;<\/strong>para continuar con las investigaciones correspondientes por esta explosi\u00f3n de un veh\u00edculo en Ojocaliente.<\/p>\n\n\n\n<p class=\"wp-block-paragraph\"><strong><a href=\"https:\/\/www.facebook.com\/rodrigoreyesmuguerza\" target=\"_blank\" rel=\"noreferrer noopener\">Rodrigo<\/a>&nbsp;Reyes Mug\u00fcerza<\/strong>, secretario de Gobierno de Zacatecas, indic\u00f3 que tras un primer recorrido se verific\u00f3 que la explosi\u00f3n dej\u00f3 varias viviendas da\u00f1adas.<\/p>\n\n\n\n<p class=\"wp-block-paragraph\">\u201cAfortunadamente en la calle en donde se registr\u00f3 la explosi\u00f3n la mayor\u00eda de las viviendas se encuentran deshabitadas, muchas de estas viviendas tienen da\u00f1os menores: algunos cristales rotos, algunos portones que se vieron afectados y otras cuantas, alrededor de 10 0 15 viviendas tienen un da\u00f1o estructural que tendr\u00e1 que ser analizado\u201d, indic\u00f3.<\/p>\n\n\n\n<p class=\"wp-block-paragraph\">\u201cDiez viviendas, tal vez 15 viviendas tengan un da\u00f1o que vale la pena que sea analizado por el equipo especializado de la Secretar\u00eda de Obras P\u00fablicas, y el resto de las viviendas, estamos hablando en total de cerca de 40 viviendas afectadas, aproximadamente\u201d, se\u00f1al\u00f3.<br><br>El funcionario estatal tambi\u00e9n se apunt\u00f3 que de las 11 personas lesionadas, tres siguen recibiendo atenci\u00f3n m\u00e9dica pero se reportan fuera de peligro.<\/p>\n\n\n\n<p class=\"wp-block-paragraph\">Con informaci\u00f3n de <strong>L\u00f3pez-D\u00f3riga Digital<\/strong><\/p>\n","protected":false},"excerpt":{"rendered":"<p>Zacatecas., 01 de septiembre del 2026. Autoridades de Zacatecas\u00a0informaron de la\u00a0detenci\u00f3n\u00a0de\u00a0un presunto implicado\u00a0la\u00a0explosi\u00f3n\u00a0de un\u00a0veh\u00edculo\u00a0en las inmediaciones de la\u00a0Comandancia Municipal de\u00a0Ojocaliente\u00a0la noche del\u00a0domingo 30 de agosto de 2026, el cual dej\u00f3 un saldo de al menos\u00a0once\u00a0lesionados\u00a0y 40 viviendas da\u00f1adas. A trav\u00e9s de un mensaje en redes sociales, el secretario de Seguridad de la entidad,&nbsp;Arturo Medina Mayoral, [&hellip;]<\/p>\n","protected":false},"author":3,"featured_media":22359,"comment_status":"open","ping_status":"open","sticky":false,"template":"","format":"standard","meta":{"footnotes":""},"categories":[13,4,10],"tags":[],"class_list":["post-22358","post","type-post","status-publish","format-standard","has-post-thumbnail","hentry","category-nacional","category-noticias","category-seguridad"],"_links":{"self":[{"href":"https:\/\/asisucedegto.mx\/inicio\/wp-json\/wp\/v2\/posts\/22358","targetHints":{"allow":["GET"]}}],"collection":[{"href":"https:\/\/asisucedegto.mx\/inicio\/wp-json\/wp\/v2\/posts"}],"about":[{"href":"https:\/\/asisucedegto.mx\/inicio\/wp-json\/wp\/v2\/types\/post"}],"author":[{"embeddable":true,"href":"https:\/\/asisucedegto.mx\/inicio\/wp-json\/wp\/v2\/users\/3"}],"replies":[{"embeddable":true,"href":"https:\/\/asisucedegto.mx\/inicio\/wp-json\/wp\/v2\/comments?post=22358"}],"version-history":[{"count":1,"href":"https:\/\/asisucedegto.mx\/inicio\/wp-json\/wp\/v2\/posts\/22358\/revisions"}],"predecessor-version":[{"id":22362,"href":"https:\/\/asisucedegto.mx\/inicio\/wp-json\/wp\/v2\/posts\/22358\/revisions\/22362"}],"wp:featuredmedia":[{"embeddable":true,"href":"https:\/\/asisucedegto.mx\/inicio\/wp-json\/wp\/v2\/media\/22359"}],"wp:attachment":[{"href":"https:\/\/asisucedegto.mx\/inicio\/wp-json\/wp\/v2\/media?parent=22358"}],"wp:term":[{"taxonomy":"category","embeddable":true,"href":"https:\/\/asisucedegto.mx\/inicio\/wp-json\/wp\/v2\/categories?post=22358"},{"taxonomy":"post_tag","embeddable":true,"href":"https:\/\/asisucedegto.mx\/inicio\/wp-json\/wp\/v2\/tags?post=22358"}],"curies":[{"name":"wp","href":"https:\/\/api.w.org\/{rel}","templated":true}]}}