{"id":22363,"date":"2026-09-01T16:59:27","date_gmt":"2026-09-01T16:59:27","guid":{"rendered":"https:\/\/asisucedegto.mx\/inicio\/?p=22363"},"modified":"2026-09-01T16:59:28","modified_gmt":"2026-09-01T16:59:28","slug":"arrancan-en-celaya-los-festejos-patrios-por-el-216-aniversario-de-la-independencia","status":"publish","type":"post","link":"https:\/\/asisucedegto.mx\/inicio\/arrancan-en-celaya-los-festejos-patrios-por-el-216-aniversario-de-la-independencia\/","title":{"rendered":"Arrancan en Celaya los festejos patrios por el 216 aniversario de la Independencia"},"content":{"rendered":"\n<p class=\"wp-block-paragraph\"><strong>Celaya, Gto., 01 de septiembre del 2026.-<\/strong> Con la fijaci\u00f3n y lectura del Bando Solemne por parte del presidente municipal, Juan Miguel Ram\u00edrez, as\u00ed como la inauguraci\u00f3n de la exposici\u00f3n fotogr\u00e1fica \u201cCelaya en la Independencia\u201d, este martes 1 de septiembre dieron inicio los festejos patrios para conmemorar el 216 aniversario de la Independencia de M\u00e9xico.<br><br>La ceremonia oficial se realiz\u00f3 en el jard\u00edn principal, donde se reunieron integrantes del Ayuntamiento y directores de las diferentes dependencias, acompa\u00f1ados por la banda de guerra de la Polic\u00eda Municipal y la escolta del Instituto de Formaci\u00f3n policial, para rendir honores a la bandera.<br><br>\u201cHoy la patria est\u00e1 de fiesta y c\u00f3mo no iba a estarlo si septiembre es el momento ideal para reivindicar nuestros valores c\u00edvicos, para decirnos orgullosamente mexicanos y que, firmes y decididos, apostemos por la defensa de la soberan\u00eda nacional\u201d, dijo el cronista del municipio, Fernando Amate.<br><br>El alcalde Juan Miguel Ram\u00edrez fij\u00f3 y dio lectura al Bando Solemne que permanecer\u00e1 en el jard\u00edn principal y anuncia las actividades c\u00edvicas y culturales que se realizar\u00e1n en septiembre, conmemorativas al 216 Aniversario de la Independencia Nacional.<br>Para finalizar, los asistentes se trasladaron al andador Corregidora donde hicieron el corte de list\u00f3n inaugural de la exposici\u00f3n fotogr\u00e1fica \u201cCelaya en la Independencia\u201d que se conforma de im\u00e1genes de los monumentos de personajes y lugares hist\u00f3ricos del municipio.<\/p>\n\n\n\n<p class=\"wp-block-paragraph\"><strong>Actividades del Bando Solemne<br><\/strong>Martes 1 de septiembre.<br>08:00 horas: Acto c\u00edvico, fijaci\u00f3n y lectura del bando solemne e inauguraci\u00f3n de la exposici\u00f3n fotogr\u00e1fica \u201cCelaya y la Independencia Nacional\u201d. Jard\u00edn principal.<br>19:00 horas: Proyecci\u00f3n del mapping \u201cCelaya Ruta de la Independencia\u201d, encendido de la decoraci\u00f3n del centro hist\u00f3rico.<br><br>Domingo 6.<br>19:00 horas: Proyecci\u00f3n del mapping \u201cCelaya Ruta de la Independencia\u201d. Portal Guadalupe.<br><br>Domingo 13.<br>09:00 horas. Acto c\u00edvico por el D\u00eda de los Ni\u00f1os H\u00e9roes, 179 aniversario de la defensa del Castillo de Chapultepec. Parque <br><br><strong>Xochipilli II.<br><\/strong>19:00 horas: Proyecci\u00f3n del mapping \u201cCelaya Ruta de Independencia\u201d. Portal Guadalupe.<br><br>Martes 15.<br>18:00 horas: Acto c\u00edvico por la llegada del Fuego Simb\u00f3lico. Templo de San Antonio del barrio de San Antonio.<br>De las 16:00 a las 23:30 horas: programa art\u00edstico en conmemoraci\u00f3n del 216 Aniversario del Grito de la Independencia Nacional. Jard\u00edn principal.<br>22:45 horas: Ceremonia de Aniversario del Grito de la Independencia Nacional. Presidencia Municipal.<br><br>Mi\u00e9rcoles 16.<br>08:00 horas: Colocaci\u00f3n de ofrenda floral por el 216 aniversario del inicio de la Guerra de la Independencia Nacional. Calzada Independencias.<br>09:00 horas. Desfile conmemorativo por el 216 Aniversario del inicio de la Guerra de Independencia Nacional. Jard\u00edn principal.<br><br>S\u00e1bado 19.<br>09:00 horas. Acto c\u00edvico conmemoraci\u00f3n del D\u00eda Nacional Protecci\u00f3n Civil. Segunda secci\u00f3n del Parque Xochipilli.<br>12:00 horas. Segundo Simulacro Nacional 2026.<br><br>Lunes 21.<br>12:00 horas: Arribo de la Cabalgata por la Ruta de la Independencia Nacional. Del Templo de San Antonio al Portal Guadalupe.<br><br>Martes 22.<br>08:00 horas: Aniversario del nacimiento del Ej\u00e9rcito Insurgente y nombramiento de Don Miguel Hidalgo como general. Portal de Guadalupe del jard\u00edn principal.<br>09:00 horas: Cancelaci\u00f3n de la emisi\u00f3n filat\u00e9lica: primera columna conmemorativa de Independencia Nacional en Celaya, patrimonio e historia. Calzada Independencia.<br><br>Domingo 27.<br>09:00 horas: Acto c\u00edvico por el 205 aniversario de la consumaci\u00f3n de la Independencia de M\u00e9xico. Calzada Independencia.<br>Lunes 28.<br>08:00 horas: acto c\u00edvico por el 216 Aniversario de la Toma de la Alh\u00f3ndiga de Granaditas de Guanajuato. Calzada Independencia.<br>Mi\u00e9rcoles 30.<br>08:00 horas: Acto c\u00edvico por el 261 Aniversario del Natalicio de Jos\u00e9 Mar\u00eda Morelos y Pav\u00f3n. Calzada Independencia.<\/p>\n","protected":false},"excerpt":{"rendered":"<p>Celaya, Gto., 01 de septiembre del 2026.- Con la fijaci\u00f3n y lectura del Bando Solemne por parte del presidente municipal, Juan Miguel Ram\u00edrez, as\u00ed como la inauguraci\u00f3n de la exposici\u00f3n fotogr\u00e1fica \u201cCelaya en la Independencia\u201d, este martes 1 de septiembre dieron inicio los festejos patrios para conmemorar el 216 aniversario de la Independencia de M\u00e9xico. [&hellip;]<\/p>\n","protected":false},"author":3,"featured_media":22364,"comment_status":"open","ping_status":"open","sticky":false,"template":"","format":"standard","meta":{"footnotes":""},"categories":[7,4],"tags":[],"class_list":["post-22363","post","type-post","status-publish","format-standard","has-post-thumbnail","hentry","category-celaya","category-noticias"],"_links":{"self":[{"href":"https:\/\/asisucedegto.mx\/inicio\/wp-json\/wp\/v2\/posts\/22363","targetHints":{"allow":["GET"]}}],"collection":[{"href":"https:\/\/asisucedegto.mx\/inicio\/wp-json\/wp\/v2\/posts"}],"about":[{"href":"https:\/\/asisucedegto.mx\/inicio\/wp-json\/wp\/v2\/types\/post"}],"author":[{"embeddable":true,"href":"https:\/\/asisucedegto.mx\/inicio\/wp-json\/wp\/v2\/users\/3"}],"replies":[{"embeddable":true,"href":"https:\/\/asisucedegto.mx\/inicio\/wp-json\/wp\/v2\/comments?post=22363"}],"version-history":[{"count":1,"href":"https:\/\/asisucedegto.mx\/inicio\/wp-json\/wp\/v2\/posts\/22363\/revisions"}],"predecessor-version":[{"id":22367,"href":"https:\/\/asisucedegto.mx\/inicio\/wp-json\/wp\/v2\/posts\/22363\/revisions\/22367"}],"wp:featuredmedia":[{"embeddable":true,"href":"https:\/\/asisucedegto.mx\/inicio\/wp-json\/wp\/v2\/media\/22364"}],"wp:attachment":[{"href":"https:\/\/asisucedegto.mx\/inicio\/wp-json\/wp\/v2\/media?parent=22363"}],"wp:term":[{"taxonomy":"category","embeddable":true,"href":"https:\/\/asisucedegto.mx\/inicio\/wp-json\/wp\/v2\/categories?post=22363"},{"taxonomy":"post_tag","embeddable":true,"href":"https:\/\/asisucedegto.mx\/inicio\/wp-json\/wp\/v2\/tags?post=22363"}],"curies":[{"name":"wp","href":"https:\/\/api.w.org\/{rel}","templated":true}]}}