{"id":22370,"date":"2026-09-01T17:38:54","date_gmt":"2026-09-01T17:38:54","guid":{"rendered":"https:\/\/asisucedegto.mx\/inicio\/?p=22370"},"modified":"2026-09-01T17:38:55","modified_gmt":"2026-09-01T17:38:55","slug":"arranca-apaseo-el-grande-el-mes-patrio-con-honores-a-la-bandera-y-bando-solemne","status":"publish","type":"post","link":"https:\/\/asisucedegto.mx\/inicio\/arranca-apaseo-el-grande-el-mes-patrio-con-honores-a-la-bandera-y-bando-solemne\/","title":{"rendered":"Arranca Apaseo el Grande el mes patrio con honores a la Bandera y Bando Solemne"},"content":{"rendered":"\n<p class=\"wp-block-paragraph\"><em>Apaseo el Grande da inicio al mes patrio con honores a la Bandera y develaci\u00f3n del Bando Solemne<\/em><\/p>\n\n\n\n<p class=\"wp-block-paragraph\"><strong>Apaseo el Grande, Gto., 01 de septiembre de 2026.<\/strong>&#8211; Con el llamado a preservar la identidad nacional y mantener vivas las tradiciones que forman parte de la historia de M\u00e9xico, el Gobierno Municipal de Apaseo el Grande dio inicio formal a las actividades del mes patrio con una ceremonia de honores a la Bandera Nacional y la presentaci\u00f3n del Bando Solemne que establece el calendario de actos c\u00edvicos de septiembre.<\/p>\n\n\n\n<p class=\"wp-block-paragraph\">La ceremonia de izamiento se realiz\u00f3 en la explana Bicentenario, ubicada en el acceso al municipio y la develaci\u00f3n del Bando Solemne en el jard\u00edn principal, donde autoridades municipales participaron en el acto protocolario para marcar el comienzo de uno de los meses m\u00e1s representativos para los mexicanos.<\/p>\n\n\n\n<p class=\"wp-block-paragraph\">Como parte del evento, el Secretario del Ayuntamiento, Jorge Villegas Luna, realiz\u00f3 la lectura y presentaci\u00f3n del Bando Solemne, documento que ser\u00e1 colocado en lugares p\u00fablicos del municipio para informar a la ciudadan\u00eda sobre las principales fechas y actividades conmemorativas programadas.<\/p>\n\n\n\n<p class=\"wp-block-paragraph\">De acuerdo con el Bando Solemne, las actividades continuar\u00e1n el 13 de septiembre, con el acto c\u00edvico conmemorativo por el 179 aniversario de la Batalla de Chapultepec.<br>Uno de los momentos centrales ser\u00e1 el 15 de septiembre, cuando Apaseo el Grande conmemore el 216 aniversario del inicio de la lucha por la Independencia de M\u00e9xico. El programa contempla la recepci\u00f3n del Fuego Simb\u00f3lico proveniente de San Miguel de Allende, una verbena popular, presentaciones culturales y la entrega del fuego simb\u00f3lico a las delegaciones municipales.<\/p>\n\n\n\n<p class=\"wp-block-paragraph\">Por la noche se realizar\u00e1 la llegada del Fuego Simb\u00f3lico al jard\u00edn principal y, posteriormente, la ceremonia solemne del Grito de Independencia, seguida de una verbena popular.<\/p>\n\n\n\n<p class=\"wp-block-paragraph\">El 16 de septiembre se realizar\u00e1 el acto c\u00edvico y desfile conmemorativo por el 216 aniversario de la Independencia de M\u00e9xico, mientras que el 27 de septiembre se recordar\u00e1 el 205 aniversario de la Consumaci\u00f3n de la Independencia de M\u00e9xico.<\/p>\n\n\n\n<p class=\"wp-block-paragraph\">El calendario cerrar\u00e1 el 30 de septiembre con el acto c\u00edvico por el 261 aniversario del natalicio de Jos\u00e9 Mar\u00eda Morelos y Pav\u00f3n.<\/p>\n\n\n\n<p class=\"wp-block-paragraph\">El Presidente Municipal, Jos\u00e9 Luis \u201cChelis\u201d Oliveros Usabiaga, resalt\u00f3 que las celebraciones patrias representan una oportunidad para fortalecer el sentido de pertenencia y transmitir a las nuevas generaciones el significado de los acontecimientos que marcaron al pa\u00eds.<\/p>\n\n\n\n<p class=\"wp-block-paragraph\">\u201cSeptiembre nos recuerda que somos parte de una historia que se construy\u00f3 con el esfuerzo, el valor y el compromiso de muchas generaciones. Como gobierno, tenemos la responsabilidad de mantener vivas nuestras fechas c\u00edvicas y nuestras tradiciones, pero tambi\u00e9n de transmitir a nuestras ni\u00f1as, ni\u00f1os y j\u00f3venes el orgullo de ser mexicanos y de pertenecer a esta gran comunidad de Apaseo el Grande\u00bb.<\/p>\n\n\n\n<p class=\"wp-block-paragraph\">Con el despliegue de este calendario c\u00edvico, el Gobierno Municipal invit\u00f3 a la poblaci\u00f3n a participar en las actividades del mes patrio y a vivir estas fechas como un espacio para recordar la historia, fortalecer los valores c\u00edvicos y refrendar el orgullo de ser parte de Apaseo el Grande.<\/p>\n","protected":false},"excerpt":{"rendered":"<p>Apaseo el Grande da inicio al mes patrio con honores a la Bandera y develaci\u00f3n del Bando Solemne Apaseo el Grande, Gto., 01 de septiembre de 2026.&#8211; Con el llamado a preservar la identidad nacional y mantener vivas las tradiciones que forman parte de la historia de M\u00e9xico, el Gobierno Municipal de Apaseo el Grande [&hellip;]<\/p>\n","protected":false},"author":3,"featured_media":22373,"comment_status":"open","ping_status":"open","sticky":false,"template":"","format":"standard","meta":{"footnotes":""},"categories":[12,4],"tags":[],"class_list":["post-22370","post","type-post","status-publish","format-standard","has-post-thumbnail","hentry","category-laja-bajio","category-noticias"],"_links":{"self":[{"href":"https:\/\/asisucedegto.mx\/inicio\/wp-json\/wp\/v2\/posts\/22370","targetHints":{"allow":["GET"]}}],"collection":[{"href":"https:\/\/asisucedegto.mx\/inicio\/wp-json\/wp\/v2\/posts"}],"about":[{"href":"https:\/\/asisucedegto.mx\/inicio\/wp-json\/wp\/v2\/types\/post"}],"author":[{"embeddable":true,"href":"https:\/\/asisucedegto.mx\/inicio\/wp-json\/wp\/v2\/users\/3"}],"replies":[{"embeddable":true,"href":"https:\/\/asisucedegto.mx\/inicio\/wp-json\/wp\/v2\/comments?post=22370"}],"version-history":[{"count":1,"href":"https:\/\/asisucedegto.mx\/inicio\/wp-json\/wp\/v2\/posts\/22370\/revisions"}],"predecessor-version":[{"id":22374,"href":"https:\/\/asisucedegto.mx\/inicio\/wp-json\/wp\/v2\/posts\/22370\/revisions\/22374"}],"wp:featuredmedia":[{"embeddable":true,"href":"https:\/\/asisucedegto.mx\/inicio\/wp-json\/wp\/v2\/media\/22373"}],"wp:attachment":[{"href":"https:\/\/asisucedegto.mx\/inicio\/wp-json\/wp\/v2\/media?parent=22370"}],"wp:term":[{"taxonomy":"category","embeddable":true,"href":"https:\/\/asisucedegto.mx\/inicio\/wp-json\/wp\/v2\/categories?post=22370"},{"taxonomy":"post_tag","embeddable":true,"href":"https:\/\/asisucedegto.mx\/inicio\/wp-json\/wp\/v2\/tags?post=22370"}],"curies":[{"name":"wp","href":"https:\/\/api.w.org\/{rel}","templated":true}]}}