{"id":22403,"date":"2026-09-01T22:29:13","date_gmt":"2026-09-01T22:29:13","guid":{"rendered":"https:\/\/asisucedegto.mx\/inicio\/?p=22403"},"modified":"2026-09-01T22:41:21","modified_gmt":"2026-09-01T22:41:21","slug":"no-eres-nadie-taxista-confronta-a-reportera-durante-cobertura-de-accidente-vial","status":"publish","type":"post","link":"https:\/\/asisucedegto.mx\/inicio\/no-eres-nadie-taxista-confronta-a-reportera-durante-cobertura-de-accidente-vial\/","title":{"rendered":"\u201cNo eres nadie\u201d: taxista agrede a reportera durante cobertura de accidente vial"},"content":{"rendered":"\n<p class=\"wp-block-paragraph\"><strong>Celaya, Gto a 1 de Septiembre de 2026.- <\/strong>Lo que comenz\u00f3 como la cobertura de un accidente vial termin\u00f3 en un momento de confrontaci\u00f3n entre un taxista y una reportera, quien realizaba una transmisi\u00f3n en vivo desde el lugar de los hechos.<\/p>\n\n\n\n<p class=\"wp-block-paragraph\"><br>El incidente ocurri\u00f3 poco despu\u00e9s del mediod\u00eda del martes, en el cruce de las calles Ignacio Allende y Democracia, donde se registr\u00f3 un percance entre un motociclista y un taxi de la l\u00ednea Taxi Cel, con n\u00famero econ\u00f3mico CE-0847.<\/p>\n\n\n\n<p class=\"wp-block-paragraph\"><br>Mientras realizaba su trabajo, la reportera busc\u00f3 obtener informaci\u00f3n de los elementos de Polic\u00eda y Tr\u00e1nsito Vial que se encontraban en el sitio para explicar a la audiencia lo ocurrido. Sin embargo, los agentes se\u00f1alaron que ser\u00eda el propio conductor del taxi quien podr\u00eda dar su versi\u00f3n sobre el accidente.<\/p>\n\n\n\n<p class=\"wp-block-paragraph\"><br>La periodista se acerc\u00f3 al trabajador del volante para conocer su versi\u00f3n, pero en ese momento el hombre sac\u00f3 su tel\u00e9fono celular y empez\u00f3 a grabar a la reportera.<\/p>\n\n\n\n<p class=\"wp-block-paragraph\"><br>Ante esta situaci\u00f3n, la comunicadora le pregunt\u00f3 por qu\u00e9 estaba registrando su imagen, aunque mantuvo la cobertura y le cuestion\u00f3 sobre c\u00f3mo hab\u00eda ocurrido el accidente.<\/p>\n\n\n\n<p class=\"wp-block-paragraph\"><br>El taxista asegur\u00f3 que el motociclista involucrado era un supuesto \u201cmontachoques\u201d, sin aportar mayores detalles sobre su se\u00f1alamiento.<\/p>\n\n\n\n<p class=\"wp-block-paragraph\"><br>Al finalizar sus declaraciones, la reportera volvi\u00f3 a preguntarle el motivo por el que hab\u00eda decidido grabarla durante su labor period\u00edstica. Como respuesta, el conductor le dijo que ella \u201cno era nadie\u201d.<\/p>\n\n\n\n<p class=\"wp-block-paragraph\"><br>De acuerdo con informaci\u00f3n recabada posteriormente por este medio, el conductor involucrado en este nuevo incidente ser\u00eda el mismo taxista que el pasado 11 de julio estuvo relacionado con un hecho en el que un elemento de Tr\u00e1nsito y Polic\u00eda Vial fue arrollado en la zona centro de Celaya.<\/p>\n\n\n\n<p class=\"wp-block-paragraph\"><br>El episodio ocurrido este martes gener\u00f3 cuestionamientos debido a que la cobertura de un accidente vial termin\u00f3 en una confrontaci\u00f3n con una integrante de la prensa mientras realizaba su trabajo.<\/p>\n","protected":false},"excerpt":{"rendered":"<p>Celaya, Gto a 1 de Septiembre de 2026.- Lo que comenz\u00f3 como la cobertura de un accidente vial termin\u00f3 en un momento de confrontaci\u00f3n entre un taxista y una reportera, quien realizaba una transmisi\u00f3n en vivo desde el lugar de los hechos. El incidente ocurri\u00f3 poco despu\u00e9s del mediod\u00eda del martes, en el cruce de [&hellip;]<\/p>\n","protected":false},"author":3,"featured_media":22404,"comment_status":"open","ping_status":"open","sticky":false,"template":"","format":"standard","meta":{"footnotes":""},"categories":[7,4,6],"tags":[],"class_list":["post-22403","post","type-post","status-publish","format-standard","has-post-thumbnail","hentry","category-celaya","category-noticias","category-policiaca"],"_links":{"self":[{"href":"https:\/\/asisucedegto.mx\/inicio\/wp-json\/wp\/v2\/posts\/22403","targetHints":{"allow":["GET"]}}],"collection":[{"href":"https:\/\/asisucedegto.mx\/inicio\/wp-json\/wp\/v2\/posts"}],"about":[{"href":"https:\/\/asisucedegto.mx\/inicio\/wp-json\/wp\/v2\/types\/post"}],"author":[{"embeddable":true,"href":"https:\/\/asisucedegto.mx\/inicio\/wp-json\/wp\/v2\/users\/3"}],"replies":[{"embeddable":true,"href":"https:\/\/asisucedegto.mx\/inicio\/wp-json\/wp\/v2\/comments?post=22403"}],"version-history":[{"count":2,"href":"https:\/\/asisucedegto.mx\/inicio\/wp-json\/wp\/v2\/posts\/22403\/revisions"}],"predecessor-version":[{"id":22406,"href":"https:\/\/asisucedegto.mx\/inicio\/wp-json\/wp\/v2\/posts\/22403\/revisions\/22406"}],"wp:featuredmedia":[{"embeddable":true,"href":"https:\/\/asisucedegto.mx\/inicio\/wp-json\/wp\/v2\/media\/22404"}],"wp:attachment":[{"href":"https:\/\/asisucedegto.mx\/inicio\/wp-json\/wp\/v2\/media?parent=22403"}],"wp:term":[{"taxonomy":"category","embeddable":true,"href":"https:\/\/asisucedegto.mx\/inicio\/wp-json\/wp\/v2\/categories?post=22403"},{"taxonomy":"post_tag","embeddable":true,"href":"https:\/\/asisucedegto.mx\/inicio\/wp-json\/wp\/v2\/tags?post=22403"}],"curies":[{"name":"wp","href":"https:\/\/api.w.org\/{rel}","templated":true}]}}