{"id":22407,"date":"2026-09-01T22:48:26","date_gmt":"2026-09-01T22:48:26","guid":{"rendered":"https:\/\/asisucedegto.mx\/inicio\/?p=22407"},"modified":"2026-09-01T22:48:27","modified_gmt":"2026-09-01T22:48:27","slug":"nueva-suprema-corte-resuelve-35-menos-asuntos","status":"publish","type":"post","link":"https:\/\/asisucedegto.mx\/inicio\/nueva-suprema-corte-resuelve-35-menos-asuntos\/","title":{"rendered":"Nueva Suprema Corte resuelve 35% menos asuntos"},"content":{"rendered":"\n<p class=\"wp-block-paragraph\">CDMX, 1 de Septiembre de 2026.- En el primer a\u00f1o de su instalaci\u00f3n, el\u00a0<strong>nuevo pleno<\/strong>\u00a0de la<strong>\u00a0Suprema Corte de Justicia de la Naci\u00f3n<\/strong>\u00a0(SCJN)\u00a0<strong>resolvi\u00f3<\/strong>\u00a035 por ciento\u00a0<strong>menos<\/strong>\u00a0<strong>asuntos<\/strong>.<\/p>\n\n\n\n<p class=\"wp-block-paragraph\">El 1 de septiembre de 2025 iniciaron funciones los ministros Hugo Aguilar, Lenia Batres, Yasm\u00edn Esquivel, Loretta Ortiz, Mar\u00eda Estela R\u00edos, Giovanni Azael Figueroa, Irving Espinosa, Ar\u00edstides Guerrero, y Sara Herrer\u00edas.<\/p>\n\n\n\n<p class=\"wp-block-paragraph\">De septiembre de 2024 a agosto de 2025 la SCJN vot\u00f3 3 mil 174 proyectos de sentencia, pero en el mismo periodo de 2025 a 2026 se votaron 2 mil 59 asuntos a partir de proyectos de sentencia.<\/p>\n\n\n\n<p class=\"wp-block-paragraph\">Ello se traduce en una&nbsp;<strong>reducci\u00f3n<\/strong>&nbsp;de&nbsp;<strong>asuntos resueltos<\/strong>&nbsp;de m\u00e1s de&nbsp;<strong>35 por ciento<\/strong>.<\/p>\n\n\n\n<p class=\"wp-block-paragraph\">En promedio,&nbsp;<strong>cada ministro<\/strong>&nbsp;actual elabor\u00f3&nbsp;<strong>229 proyectos de sentencia<\/strong>, mientras que en la antigua corte cada integrante del Pleno elabor\u00f3 289.<\/p>\n\n\n\n<p class=\"wp-block-paragraph\">Cabe destacar que con la nueva Suprema Corte&nbsp;<strong>desaparecieron las salas<\/strong>, por lo que ahora los asuntos de cada ministro se votan en la misma sesi\u00f3n, lo que retrasa las aprobaciones.<\/p>\n\n\n\n<p class=\"wp-block-paragraph\">Yasm\u00edn Esquivel es la ministra con mayor productividad, seguida de Ar\u00edstides Guerrero y Loretta Ortiz.<\/p>\n\n\n\n<p class=\"wp-block-paragraph\">El ministro Hugo Ortiz registra el menor n\u00famero de proyectos de sentencia porque en su calidad de presidente de la Corte no le son turnadas controversias constitucionales ni acciones de inconstitucionalidad.<\/p>\n\n\n\n<p class=\"wp-block-paragraph\">Asimismo, atiende eventos pol\u00edticos y realiza otras funciones.<\/p>\n\n\n\n<p class=\"wp-block-paragraph\">Las&nbsp;<strong>sesiones<\/strong>&nbsp;de la&nbsp;<strong>Suprema Corte<\/strong>&nbsp;son&nbsp;<strong>transmitidas<\/strong>&nbsp;en&nbsp;<strong>YouTube<\/strong>. Entre 2022 y 2024 se incrementaron sus vistas; sin embargo, dichas cifras cayeron en 2025 y en lo que va de este a\u00f1o registran un seguimiento menor.<\/p>\n\n\n\n<p class=\"wp-block-paragraph\">Las sesiones m\u00e1s vista de la Suprema Corte ocurri\u00f3 en 2024: el 5 de noviembre m\u00e1s de 261 mil personas siguieron la discusi\u00f3n sobre la Reforma al Poder Judicial.<\/p>\n\n\n\n<p class=\"wp-block-paragraph\">Otras sesiones relevantes fueron una de abril de 2022 en la que se discuti\u00f3 la Ley de la Industria El\u00e9ctrica y otra de septiembre del mismo a\u00f1o en la que se abord\u00f3 la prisi\u00f3n preventiva oficiosa. Cada una registr\u00f3 m\u00e1s de 60 mil vistas.<\/p>\n\n\n\n<p class=\"wp-block-paragraph\">En la Corte actual, la sesi\u00f3n m\u00e1s vista fue la del 11 de septiembre de 2025 cuando se llev\u00f3 a cabo la primera sesi\u00f3n, con m\u00e1s de 28 mil vistas.<\/p>\n\n\n\n<p class=\"wp-block-paragraph\">Entre los cambios implementados por la nueva Corta destaca la reducci\u00f3n de privilegios. A propuesta de la ministra Lenia Batres se redujo el salario de los ministros a una cantidad mayor que la de la presidenta de la Rep\u00fablica.<\/p>\n\n\n\n<p class=\"wp-block-paragraph\">Tambi\u00e9n se eliminaron seguros de gastos m\u00e9dicos y de separaci\u00f3n voluntaria, desaparecieron apoyos para el pago de alimentos y telefon\u00eda celular, y se suspendi\u00f3 la compra de camionetas blindadas.<\/p>\n\n\n\n<p class=\"wp-block-paragraph\">Asimismo, la ministra Loretta Ortiz propuso que las resoluciones y sentencias tuvieran impacto social al identificar y atraer asuntos de importancia p\u00fablica mientras que el ministro Hugo Aguilar prometi\u00f3 que la Corte estuviera al tanto de la resoluci\u00f3n de temas centrales para la vida p\u00fablica.<\/p>\n\n\n\n<p class=\"wp-block-paragraph\">De ah\u00ed que la SCJN incrementara el uso de las facultades de atracci\u00f3n y reasunci\u00f3n de competencias para conocer proyectos de inter\u00e9s p\u00fablicos en tribunales y juzgados, que atienden problem\u00e1ticas sociales.<\/p>\n\n\n\n<p class=\"wp-block-paragraph\">Por su parte, el ministro Ar\u00edstides Guerrero promovi\u00f3 que las sentencias se puedan leer en lenguas ind\u00edgenas, en braille y formatos f\u00e1ciles de entender. Esto se cumpli\u00f3 con una sentencia para una comunidad rar\u00e1muri de Chihuahua. Asimismo, los ministros empezaron a capacitarse en herramientas de accesibilidad en braille.<\/p>\n\n\n\n<p class=\"wp-block-paragraph\">Pero la nueva Corte no ha cumplido del todo con la promesa del ministro Irving Espinosa sobre que el acceso a la informaci\u00f3n ser\u00eda proactivo. La SCJN tiene importantes rezagos en la informaci\u00f3n que publica sobre sentencias y votos.<\/p>\n\n\n\n<p class=\"wp-block-paragraph\">Adicionalmente, m\u00e9tricas y reportes de la antigua Corte se interrumpieron.<\/p>\n\n\n\n<p class=\"wp-block-paragraph\">Con informaci\u00f3n de N+<\/p>\n\n\n\n<p class=\"wp-block-paragraph\"><\/p>\n","protected":false},"excerpt":{"rendered":"<p>CDMX, 1 de Septiembre de 2026.- En el primer a\u00f1o de su instalaci\u00f3n, el\u00a0nuevo pleno\u00a0de la\u00a0Suprema Corte de Justicia de la Naci\u00f3n\u00a0(SCJN)\u00a0resolvi\u00f3\u00a035 por ciento\u00a0menos\u00a0asuntos. El 1 de septiembre de 2025 iniciaron funciones los ministros Hugo Aguilar, Lenia Batres, Yasm\u00edn Esquivel, Loretta Ortiz, Mar\u00eda Estela R\u00edos, Giovanni Azael Figueroa, Irving Espinosa, Ar\u00edstides Guerrero, y Sara Herrer\u00edas. [&hellip;]<\/p>\n","protected":false},"author":3,"featured_media":22408,"comment_status":"open","ping_status":"open","sticky":false,"template":"","format":"standard","meta":{"footnotes":""},"categories":[13,4],"tags":[],"class_list":["post-22407","post","type-post","status-publish","format-standard","has-post-thumbnail","hentry","category-nacional","category-noticias"],"_links":{"self":[{"href":"https:\/\/asisucedegto.mx\/inicio\/wp-json\/wp\/v2\/posts\/22407","targetHints":{"allow":["GET"]}}],"collection":[{"href":"https:\/\/asisucedegto.mx\/inicio\/wp-json\/wp\/v2\/posts"}],"about":[{"href":"https:\/\/asisucedegto.mx\/inicio\/wp-json\/wp\/v2\/types\/post"}],"author":[{"embeddable":true,"href":"https:\/\/asisucedegto.mx\/inicio\/wp-json\/wp\/v2\/users\/3"}],"replies":[{"embeddable":true,"href":"https:\/\/asisucedegto.mx\/inicio\/wp-json\/wp\/v2\/comments?post=22407"}],"version-history":[{"count":1,"href":"https:\/\/asisucedegto.mx\/inicio\/wp-json\/wp\/v2\/posts\/22407\/revisions"}],"predecessor-version":[{"id":22409,"href":"https:\/\/asisucedegto.mx\/inicio\/wp-json\/wp\/v2\/posts\/22407\/revisions\/22409"}],"wp:featuredmedia":[{"embeddable":true,"href":"https:\/\/asisucedegto.mx\/inicio\/wp-json\/wp\/v2\/media\/22408"}],"wp:attachment":[{"href":"https:\/\/asisucedegto.mx\/inicio\/wp-json\/wp\/v2\/media?parent=22407"}],"wp:term":[{"taxonomy":"category","embeddable":true,"href":"https:\/\/asisucedegto.mx\/inicio\/wp-json\/wp\/v2\/categories?post=22407"},{"taxonomy":"post_tag","embeddable":true,"href":"https:\/\/asisucedegto.mx\/inicio\/wp-json\/wp\/v2\/tags?post=22407"}],"curies":[{"name":"wp","href":"https:\/\/api.w.org\/{rel}","templated":true}]}}