{"id":22446,"date":"2026-09-02T20:13:28","date_gmt":"2026-09-02T20:13:28","guid":{"rendered":"https:\/\/asisucedegto.mx\/inicio\/?p=22446"},"modified":"2026-09-02T20:13:29","modified_gmt":"2026-09-02T20:13:29","slug":"fiscalia-captura-y-vincula-a-proceso-a-dos-presuntos-extorsionadores-en-celaya-y-cortazar","status":"publish","type":"post","link":"https:\/\/asisucedegto.mx\/inicio\/fiscalia-captura-y-vincula-a-proceso-a-dos-presuntos-extorsionadores-en-celaya-y-cortazar\/","title":{"rendered":"Fiscal\u00eda captura y vincula a proceso a dos presuntos extorsionadores en Celaya y Cortazar"},"content":{"rendered":"\n<p class=\"wp-block-paragraph\"><strong>Celaya, Cortazar., Gto., 2 de septiembre de 2026.<\/strong> La Fiscal\u00eda General del Estado de Guanajuato logr\u00f3 la captura de PEDRO \u201cN\u201d y JULIO ALBERTO \u201cN\u201d,investigados por su probable participaci\u00f3n en hechos de extorsi\u00f3n agravada cometidos en los municipios de Celaya y Cortazar, respectivamente. Las investigaciones fueron desarrolladas por la Unidad Especializada en Combate a la Extorsi\u00f3n (UECSE), adscrita a la Fiscal\u00eda Especializada en Investigaci\u00f3n de Delitos de Alto Impacto (FEIDAI), a partir de que se tuvo conocimiento de los hechos.<br><br>En el primer caso, derivado de una investigaci\u00f3n por hechos ocurridos en Celaya, se acredit\u00f3 la probable participaci\u00f3n de PEDRO \u201cN\u201d en una extorsi\u00f3n cometida en septiembre de 2025. De acuerdo con la indagatoria, la v\u00edctima, quien recibi\u00f3 mensajes extorsivos, fue citada en un sal\u00f3n de fiestas, donde el imputado la oblig\u00f3 a subir a un veh\u00edculo, la amenaz\u00f3 con un arma de fuego y le exigi\u00f3 la entrega de dinero.<br><br>Posteriormente, las exigencias continuaron mediante mensajes enviados desde diferentes perfiles en redes sociales y n\u00fameros telef\u00f3nicos. Asimismo, el presunto responsable acudi\u00f3 a los domicilios de la v\u00edctima para exigir el pago.<\/p>\n\n\n\n<p class=\"wp-block-paragraph\">Gracias al trabajo de inteligencia y operatividad en campo de la UECSE, se logr\u00f3 la ubicaci\u00f3n y captura de PEDRO \u201cN\u201d. Tras ser presentado ante la autoridad jurisdiccional, el agente del Ministerio P\u00fablico exhibi\u00f3 los elementos de prueba en su contra, logrando que el juez dictara el auto de vinculaci\u00f3n a proceso.<br><br>En un segundo hecho, ocurrido en Cort\u00e1zar, la Fiscal\u00eda investig\u00f3 una serie de exigencias econ\u00f3micas y amenazas en agravio del propietario de un negocio dedicado a la venta de agroqu\u00edmicos y fertilizantes. La investigaci\u00f3n permiti\u00f3 establecer que, en julio de 2026, JULIO ALBERTO \u201cN\u201d intercept\u00f3 a la v\u00edctima y a uno de sus trabajadores, a quienes amenaz\u00f3 con arma de fuego y exigi\u00f3 inicialmente el pago de una fuerte cantidad de dinero, adem\u00e1s de advertir que causar\u00eda da\u00f1o a la v\u00edctima y a su familia.<br><br>Las investigaciones permitieron documentar posteriores exigencias econ\u00f3micas, amenazas y pagos realizados por la v\u00edctima. <\/p>\n\n\n\n<p class=\"wp-block-paragraph\">Derivado de los actos de investigaci\u00f3n, se solicitaron los mandamientos judiciales que permitieron la intervenci\u00f3n de un inmueble y de manera paralela la captura de JULIO ALBERTO \u201cN\u201d. Durante las diligencias tambi\u00e9n fueron asegurados equipos telef\u00f3nicos, una tableta, tarjetas, documentos, diversos registros con n\u00fameros telef\u00f3nicos y una motocicleta, entre otros indicios relacionados con la investigaci\u00f3n.<\/p>\n\n\n\n<p class=\"wp-block-paragraph\"><br>En audiencia inicial, la FEIDAI formul\u00f3 imputaci\u00f3n contra JULIO ALBERTO \u201cN\u201d por el delito de extorsi\u00f3n agravada y obtuvo su vinculaci\u00f3n a proceso. El Juez impuso como medida cautelar la prisi\u00f3n preventiva y estableci\u00f3 un plazo para la investigaci\u00f3n complementaria.<\/p>\n\n\n\n<p class=\"wp-block-paragraph\"><\/p>\n","protected":false},"excerpt":{"rendered":"<p>Celaya, Cortazar., Gto., 2 de septiembre de 2026. La Fiscal\u00eda General del Estado de Guanajuato logr\u00f3 la captura de PEDRO \u201cN\u201d y JULIO ALBERTO \u201cN\u201d,investigados por su probable participaci\u00f3n en hechos de extorsi\u00f3n agravada cometidos en los municipios de Celaya y Cortazar, respectivamente. Las investigaciones fueron desarrolladas por la Unidad Especializada en Combate a la [&hellip;]<\/p>\n","protected":false},"author":3,"featured_media":22448,"comment_status":"open","ping_status":"open","sticky":false,"template":"","format":"standard","meta":{"footnotes":""},"categories":[7,4,131,10],"tags":[],"class_list":["post-22446","post","type-post","status-publish","format-standard","has-post-thumbnail","hentry","category-celaya","category-noticias","category-municipios","category-seguridad"],"_links":{"self":[{"href":"https:\/\/asisucedegto.mx\/inicio\/wp-json\/wp\/v2\/posts\/22446","targetHints":{"allow":["GET"]}}],"collection":[{"href":"https:\/\/asisucedegto.mx\/inicio\/wp-json\/wp\/v2\/posts"}],"about":[{"href":"https:\/\/asisucedegto.mx\/inicio\/wp-json\/wp\/v2\/types\/post"}],"author":[{"embeddable":true,"href":"https:\/\/asisucedegto.mx\/inicio\/wp-json\/wp\/v2\/users\/3"}],"replies":[{"embeddable":true,"href":"https:\/\/asisucedegto.mx\/inicio\/wp-json\/wp\/v2\/comments?post=22446"}],"version-history":[{"count":2,"href":"https:\/\/asisucedegto.mx\/inicio\/wp-json\/wp\/v2\/posts\/22446\/revisions"}],"predecessor-version":[{"id":22449,"href":"https:\/\/asisucedegto.mx\/inicio\/wp-json\/wp\/v2\/posts\/22446\/revisions\/22449"}],"wp:featuredmedia":[{"embeddable":true,"href":"https:\/\/asisucedegto.mx\/inicio\/wp-json\/wp\/v2\/media\/22448"}],"wp:attachment":[{"href":"https:\/\/asisucedegto.mx\/inicio\/wp-json\/wp\/v2\/media?parent=22446"}],"wp:term":[{"taxonomy":"category","embeddable":true,"href":"https:\/\/asisucedegto.mx\/inicio\/wp-json\/wp\/v2\/categories?post=22446"},{"taxonomy":"post_tag","embeddable":true,"href":"https:\/\/asisucedegto.mx\/inicio\/wp-json\/wp\/v2\/tags?post=22446"}],"curies":[{"name":"wp","href":"https:\/\/api.w.org\/{rel}","templated":true}]}}