{"id":22453,"date":"2026-09-02T21:19:34","date_gmt":"2026-09-02T21:19:34","guid":{"rendered":"https:\/\/asisucedegto.mx\/inicio\/?p=22453"},"modified":"2026-09-02T21:19:34","modified_gmt":"2026-09-02T21:19:34","slug":"fgeg-detiene-a-lupe-por-ataque-armado-contra-familia-estadounidense-en-sma","status":"publish","type":"post","link":"https:\/\/asisucedegto.mx\/inicio\/fgeg-detiene-a-lupe-por-ataque-armado-contra-familia-estadounidense-en-sma\/","title":{"rendered":"FGEG detiene a \u00abLupe\u00bb por ataque armado contra familia Estadounidense en SMA"},"content":{"rendered":"\n<p class=\"wp-block-paragraph\"><strong>San Miguel de Allende, Gto., 02 de Septiembre del 2026.- <\/strong>La Fiscal\u00eda General del Estado de Guanajuato obtuvo la vinculaci\u00f3n a proceso de GUADALUPE AZUCENA \u201cN\u201d, alias \u201clupe\u201d, por su probable participaci\u00f3n en un ataque ocurrido en enero de este a\u00f1o contra integrantes de una familia de nacionalidad estadounidense, en el municipio de San Miguel de Allende.<\/p>\n\n\n\n<p class=\"wp-block-paragraph\">La autoridad judicial determin\u00f3 que el Ministerio P\u00fablico present\u00f3 elementos suficientes para que la imputada contin\u00fae su proceso penal por los delitos de homicidio calificado en grado de tentativa, robo calificado y da\u00f1os por incendio, por lo que permanecer\u00e1 en prisi\u00f3n preventiva hasta que se determine su sentencia.<\/p>\n\n\n\n<p class=\"wp-block-paragraph\">Por las caracter\u00edsticas y complejidad de los hechos, as\u00ed como por la necesidad de esclarecerlos con prontitud y garantizar justicia a las v\u00edctimas, la investigaci\u00f3n fue asumida como un asunto prioritario por la Fiscal\u00eda<\/p>\n\n\n\n<p class=\"wp-block-paragraph\">Especializada en Investigaci\u00f3n de Delitos de Alto Impacto (FEIDAI). En el desarrollo de las diligencias se mantuvo adem\u00e1s comunicaci\u00f3n y coordinaci\u00f3n con autoridades consulares de Estados Unidos, en atenci\u00f3n a la nacionalidad de las v\u00edctimas, como parte de los mecanismos institucionales de colaboraci\u00f3n que permiten brindar seguimiento integral a investigaciones de esta naturaleza.<\/p>\n\n\n\n<p class=\"wp-block-paragraph\">La investigaci\u00f3n permiti\u00f3 reconstruir lo ocurrido durante la madrugada del 4 de enero de 2026, cuando GUADALUPE AZUCENA \u201cN\u201d, en compa\u00f1\u00eda de otras personas, arrib\u00f3 a un inmueble ubicado en la comunidad Los \u00d3rganos. En el interior se encontraban las v\u00edctimas, quienes fueron sorprendidas cuando los agresores ingresaron sin autorizaci\u00f3n, realizaron disparos al interior de la vivienda y provocaron un incendio.<\/p>\n\n\n\n<p class=\"wp-block-paragraph\">Durante el ataque tambi\u00e9n fue incendiado un veh\u00edculo propiedad de los ofendidos y fueron sustra\u00eddos diversos objetos personales, entre ellos equipos electr\u00f3nicos, herramientas y dinero en efectivo. De acuerdo con los datos incorporados a la investigaci\u00f3n, los agresores habr\u00edan realizado amenazas relacionadas con la nacionalidad de las v\u00edctimas, circunstancia que fue considerada dentro de las l\u00edneas de investigaci\u00f3n desarrolladas por la Fiscal\u00eda.<\/p>\n\n\n\n<p class=\"wp-block-paragraph\">A partir de los hechos, la FEIDAI despleg\u00f3 capacidades ministeriales, periciales y de investigaci\u00f3n para fortalecer la indagatoria y establecer la probable participaci\u00f3n de las personas involucradas. Este trabajo permiti\u00f3 avanzar en la identificaci\u00f3n y captura de una de las presuntas responsables para llevarla ante la autoridad judicial, donde el Ministerio P\u00fablico present\u00f3 los datos de prueba que sustentaron la imputaci\u00f3n.<\/p>\n\n\n\n<p class=\"wp-block-paragraph\">Durante la audiencia, el juez resolvi\u00f3 vincular a proceso a GUADALUPE AZUCENA \u201cN\u201d por homicidio calificado en grado de tentativa, da\u00f1os por incendio y robo calificado. Como medida cautelar, se impuso prisi\u00f3n preventiva, mientras que se estableci\u00f3 un plazo para el cierre de la investigaci\u00f3n complementaria.<\/p>\n\n\n\n<p class=\"wp-block-paragraph\">La investigaci\u00f3n permanece abierta y contin\u00faan los actos ministeriales para establecer la participaci\u00f3n de las personas involucradas. La Fiscal\u00eda mantiene el compromiso de que este caso avance hasta sus \u00faltimas consecuencias jur\u00eddicas, con apego al debido proceso y respeto a los derechos de las v\u00edctimas.<\/p>\n\n\n\n<p class=\"wp-block-paragraph\"><\/p>\n","protected":false},"excerpt":{"rendered":"<p>San Miguel de Allende, Gto., 02 de Septiembre del 2026.- La Fiscal\u00eda General del Estado de Guanajuato obtuvo la vinculaci\u00f3n a proceso de GUADALUPE AZUCENA \u201cN\u201d, alias \u201clupe\u201d, por su probable participaci\u00f3n en un ataque ocurrido en enero de este a\u00f1o contra integrantes de una familia de nacionalidad estadounidense, en el municipio de San Miguel [&hellip;]<\/p>\n","protected":false},"author":3,"featured_media":22454,"comment_status":"open","ping_status":"open","sticky":false,"template":"","format":"standard","meta":{"footnotes":""},"categories":[4,131,8,6,10,18],"tags":[],"class_list":["post-22453","post","type-post","status-publish","format-standard","has-post-thumbnail","hentry","category-noticias","category-municipios","category-otrosmunicipios","category-policiaca","category-seguridad","category-sanmigueldeallende"],"_links":{"self":[{"href":"https:\/\/asisucedegto.mx\/inicio\/wp-json\/wp\/v2\/posts\/22453","targetHints":{"allow":["GET"]}}],"collection":[{"href":"https:\/\/asisucedegto.mx\/inicio\/wp-json\/wp\/v2\/posts"}],"about":[{"href":"https:\/\/asisucedegto.mx\/inicio\/wp-json\/wp\/v2\/types\/post"}],"author":[{"embeddable":true,"href":"https:\/\/asisucedegto.mx\/inicio\/wp-json\/wp\/v2\/users\/3"}],"replies":[{"embeddable":true,"href":"https:\/\/asisucedegto.mx\/inicio\/wp-json\/wp\/v2\/comments?post=22453"}],"version-history":[{"count":1,"href":"https:\/\/asisucedegto.mx\/inicio\/wp-json\/wp\/v2\/posts\/22453\/revisions"}],"predecessor-version":[{"id":22455,"href":"https:\/\/asisucedegto.mx\/inicio\/wp-json\/wp\/v2\/posts\/22453\/revisions\/22455"}],"wp:featuredmedia":[{"embeddable":true,"href":"https:\/\/asisucedegto.mx\/inicio\/wp-json\/wp\/v2\/media\/22454"}],"wp:attachment":[{"href":"https:\/\/asisucedegto.mx\/inicio\/wp-json\/wp\/v2\/media?parent=22453"}],"wp:term":[{"taxonomy":"category","embeddable":true,"href":"https:\/\/asisucedegto.mx\/inicio\/wp-json\/wp\/v2\/categories?post=22453"},{"taxonomy":"post_tag","embeddable":true,"href":"https:\/\/asisucedegto.mx\/inicio\/wp-json\/wp\/v2\/tags?post=22453"}],"curies":[{"name":"wp","href":"https:\/\/api.w.org\/{rel}","templated":true}]}}