{"id":22460,"date":"2026-09-02T22:50:18","date_gmt":"2026-09-02T22:50:18","guid":{"rendered":"https:\/\/asisucedegto.mx\/inicio\/?p=22460"},"modified":"2026-09-02T22:50:18","modified_gmt":"2026-09-02T22:50:18","slug":"colectivos-piden-a-la-onu-un-mecanismo-extraordinario-ante-la-crisis-de-desapariciones-en-mexico","status":"publish","type":"post","link":"https:\/\/asisucedegto.mx\/inicio\/colectivos-piden-a-la-onu-un-mecanismo-extraordinario-ante-la-crisis-de-desapariciones-en-mexico\/","title":{"rendered":"Colectivos piden a la ONU un \u201cmecanismo extraordinario\u201d ante la crisis de desapariciones en M\u00e9xico"},"content":{"rendered":"\n<p class=\"wp-block-paragraph\">M\u00e9xico, 2 de Septiembre de 2026.- <strong>Organizaciones<\/strong>\u00a0de derechos humanos y\u00a0<strong>colectivos<\/strong>\u00a0de familiares, encabezados por Amnist\u00eda Internacional, pidieron a la Asamblea General de la\u00a0<strong>ONU<\/strong>\u00a0crear un \u201c<strong>mecanismo<\/strong>\u00a0<strong>extraordinario<\/strong>\u201d ante la\u00a0<strong>crisis de desapariciones<\/strong>\u00a0en\u00a0<strong>M\u00e9xico<\/strong>, que suma m\u00e1s de 135 mil personas no localizadas y 72 mil restos sin identificar.<\/p>\n\n\n\n<p class=\"wp-block-paragraph\">Mediante un\u00a0documento\u00a0enviado a las embajadas ante la ONU, los grupos civiles pidieron a los pa\u00edses miembros definir los pasos a seguir tras la activaci\u00f3n del<strong>\u00a0art\u00edculo 34<\/strong>\u00a0de la\u00a0<strong>Convenci\u00f3n contra la Desaparici\u00f3n Forzada<\/strong>, una medida in\u00e9dita del organismo internacional para dar seguimiento urgente al caso mexicano.<\/p>\n\n\n\n<p class=\"wp-block-paragraph\">Frente a este escenario, las autoridades mexicanas, a trav\u00e9s de la Canciller\u00eda y la Secretar\u00eda de Gobernaci\u00f3n, han rechazado de forma reiterada la postura del organismo internacional al interpretar la resoluci\u00f3n del Comit\u00e9 contra la Desaparici\u00f3n Forzada de la Organizaci\u00f3n de las Naciones Unidas (CED) como un ataque sosteniendo y han afirmado que no existen elementos para presumir una pr\u00e1ctica generalizada o sistem\u00e1tica de desaparici\u00f3n en el territorio nacional.<\/p>\n\n\n\n<p class=\"wp-block-paragraph\">Los firmantes remarcaron la&nbsp;<strong>urgencia<\/strong>&nbsp;de contar con&nbsp;<strong>herramientas internacionales<\/strong>&nbsp;que&nbsp;<strong>fortalezcan<\/strong>&nbsp;la&nbsp;<strong>b\u00fasqueda<\/strong>, la&nbsp;<strong>identificaci\u00f3n forense<\/strong>&nbsp;y el acceso a la&nbsp;<strong>justicia<\/strong>, se\u00f1alando que la magnitud del problema \u201crebasa las capacidades\u201d de M\u00e9xico e involucra un \u00edndice de impunidad del 99 por ciento.<\/p>\n\n\n\n<p class=\"wp-block-paragraph\">Para presentar la iniciativa en la Tercera Comisi\u00f3n de la ONU, la sociedad civil propuso la&nbsp;<strong>designaci\u00f3n<\/strong>&nbsp;de un&nbsp;<strong>grupo<\/strong>&nbsp;o&nbsp;<strong>persona experta independiente<\/strong>&nbsp;encargada de trazar un&nbsp;<strong>plan de acci\u00f3n urgente<\/strong>&nbsp;en consulta con el Gobierno mexicano, la representaci\u00f3n de las v\u00edctimas y los organismos internacionales.<\/p>\n\n\n\n<p class=\"wp-block-paragraph\">De igual forma, exhortaron a los gobiernos aliados a entablar un \u201cdi\u00e1logo profundo\u201d y constructivo con las autoridades mexicanas para evitar que el proceso sea percibido como un reproche pol\u00edtico y se asuma como una oportunidad de cooperaci\u00f3n t\u00e9cnica e internacional.<\/p>\n\n\n\n<p class=\"wp-block-paragraph\">Frente al rechazo expresado por la Canciller\u00eda y la Secretar\u00eda de Gobernaci\u00f3n sobre la existencia de pr\u00e1cticas sistem\u00e1ticas, los colectivos recordaron que la resoluci\u00f3n del CED sobre posibles cr\u00edmenes de lesa humanidad activa el \u201cDeber de proteger\u201d de la comunidad internacional.<\/p>\n\n\n\n<p class=\"wp-block-paragraph\">Como parte de la estrategia para el 81\u00ba periodo de sesiones de la Asamblea General, los familiares de las v\u00edctimas anunciaron reuniones de trabajo con diplom\u00e1ticos en Nueva York y foros paralelos para impulsar la adopci\u00f3n de una resoluci\u00f3n formal antes de que concluya el a\u00f1o.<\/p>\n\n\n\n<p class=\"wp-block-paragraph\">Esta petici\u00f3n se da en un contexto de profunda&nbsp;<strong>tensi\u00f3n<\/strong>&nbsp;entre el&nbsp;<strong>Gobierno mexicano<\/strong>&nbsp;y los&nbsp;<strong>organismos<\/strong>&nbsp;<strong>multilaterales<\/strong>, marcado por el rechazo de la administraci\u00f3n federal a reconocer la existencia de&nbsp;<strong>desapariciones<\/strong>&nbsp;<strong>sistem\u00e1ticas<\/strong>, mientras colectivos de v\u00edctimas y ONGs buscan que la Asamblea General de la ONU reactive el escrutinio internacional y presione frente al colapso forense que atraviesa el pa\u00eds.<\/p>\n\n\n\n<p class=\"wp-block-paragraph\">Con informaci\u00f3n de EFE<\/p>\n\n\n\n<p class=\"wp-block-paragraph\"><\/p>\n","protected":false},"excerpt":{"rendered":"<p>M\u00e9xico, 2 de Septiembre de 2026.- Organizaciones\u00a0de derechos humanos y\u00a0colectivos\u00a0de familiares, encabezados por Amnist\u00eda Internacional, pidieron a la Asamblea General de la\u00a0ONU\u00a0crear un \u201cmecanismo\u00a0extraordinario\u201d ante la\u00a0crisis de desapariciones\u00a0en\u00a0M\u00e9xico, que suma m\u00e1s de 135 mil personas no localizadas y 72 mil restos sin identificar. Mediante un\u00a0documento\u00a0enviado a las embajadas ante la ONU, los grupos civiles pidieron [&hellip;]<\/p>\n","protected":false},"author":3,"featured_media":22461,"comment_status":"open","ping_status":"open","sticky":false,"template":"","format":"standard","meta":{"footnotes":""},"categories":[13,4],"tags":[],"class_list":["post-22460","post","type-post","status-publish","format-standard","has-post-thumbnail","hentry","category-nacional","category-noticias"],"_links":{"self":[{"href":"https:\/\/asisucedegto.mx\/inicio\/wp-json\/wp\/v2\/posts\/22460","targetHints":{"allow":["GET"]}}],"collection":[{"href":"https:\/\/asisucedegto.mx\/inicio\/wp-json\/wp\/v2\/posts"}],"about":[{"href":"https:\/\/asisucedegto.mx\/inicio\/wp-json\/wp\/v2\/types\/post"}],"author":[{"embeddable":true,"href":"https:\/\/asisucedegto.mx\/inicio\/wp-json\/wp\/v2\/users\/3"}],"replies":[{"embeddable":true,"href":"https:\/\/asisucedegto.mx\/inicio\/wp-json\/wp\/v2\/comments?post=22460"}],"version-history":[{"count":1,"href":"https:\/\/asisucedegto.mx\/inicio\/wp-json\/wp\/v2\/posts\/22460\/revisions"}],"predecessor-version":[{"id":22462,"href":"https:\/\/asisucedegto.mx\/inicio\/wp-json\/wp\/v2\/posts\/22460\/revisions\/22462"}],"wp:featuredmedia":[{"embeddable":true,"href":"https:\/\/asisucedegto.mx\/inicio\/wp-json\/wp\/v2\/media\/22461"}],"wp:attachment":[{"href":"https:\/\/asisucedegto.mx\/inicio\/wp-json\/wp\/v2\/media?parent=22460"}],"wp:term":[{"taxonomy":"category","embeddable":true,"href":"https:\/\/asisucedegto.mx\/inicio\/wp-json\/wp\/v2\/categories?post=22460"},{"taxonomy":"post_tag","embeddable":true,"href":"https:\/\/asisucedegto.mx\/inicio\/wp-json\/wp\/v2\/tags?post=22460"}],"curies":[{"name":"wp","href":"https:\/\/api.w.org\/{rel}","templated":true}]}}