{"id":22463,"date":"2026-09-02T23:13:51","date_gmt":"2026-09-02T23:13:51","guid":{"rendered":"https:\/\/asisucedegto.mx\/inicio\/?p=22463"},"modified":"2026-09-02T23:13:51","modified_gmt":"2026-09-02T23:13:51","slug":"trump-presume-haber-logrado-que-gobiernos-de-latinoamerica-viren-a-la-derecha","status":"publish","type":"post","link":"https:\/\/asisucedegto.mx\/inicio\/trump-presume-haber-logrado-que-gobiernos-de-latinoamerica-viren-a-la-derecha\/","title":{"rendered":"Trump presume haber logrado que gobiernos de Latinoam\u00e9rica viren a la derecha"},"content":{"rendered":"\n<p class=\"wp-block-paragraph\">EUA, 2 de Septiembre de 2026.- El presidente de Estados Unidos, Donald Trump, presumi\u00f3 haber logrado, seg\u00fan \u00e9l, gracias a su influencia, varios cambios de gobierno en pa\u00edses de Latinoam\u00e9rica que antes estaban liderados por la izquierda y que ahora se han alineado con Washington.<\/p>\n\n\n\n<p class=\"wp-block-paragraph\">\u201cNuestro continente realmente est\u00e1 resultando muy distinto de lo que era. Han pasado de la izquierda a la derecha. Todos est\u00e1n yendo hacia la derecha\u201d, afirm\u00f3 ante periodistas en el Despacho Oval de la Casa Blanca el mi\u00e9rcoles 2 de septiembre de 2026.<\/p>\n\n\n\n<p class=\"wp-block-paragraph\">Trump apunt\u00f3 que muchos de los pa\u00edses de la regi\u00f3n no ten\u00edan hace dos a\u00f1os ning\u00fan respeto por Estados Unidos, pero asegur\u00f3 que ahora s\u00ed lo tienen y que a Washington le est\u00e1 \u201cyendo muy bien en Suram\u00e9rica, en Latinoam\u00e9rica\u201d.<\/p>\n\n\n\n<p class=\"wp-block-paragraph\">El mandatario puso como ejemplo la reciente llegada al poder en Colombia del ultraderechista Abelardo de la Espriella, quien sucedi\u00f3 al izquierdista Gustavo Petro tras varios a\u00f1os de tensiones entre Bogot\u00e1 y la Administraci\u00f3n estadounidense.<\/p>\n\n\n\n<p class=\"wp-block-paragraph\">El l\u00edder republicano, que respald\u00f3 electoralmente a De la Espriella en la segunda vuelta presidencial, se atribuy\u00f3 parte de la victoria del nuevo presidente colombiano, al asegurar que \u201cno era el favorito\u201d en los comicios.<\/p>\n\n\n\n<p class=\"wp-block-paragraph\">Trump, que tambi\u00e9n mantiene una estrecha relaci\u00f3n con el presidente argentino, Javier Milei, mencion\u00f3 adem\u00e1s que ayud\u00f3 a ganar elecciones a \u201cmuchas personas\u201d en ese pa\u00eds.<\/p>\n\n\n\n<p class=\"wp-block-paragraph\">El presidente estadounidense apunt\u00f3 incluso que mantiene \u201cuna buena relaci\u00f3n\u201d con Brasil, pese a las tensiones entre su Gobierno y el del izquierdista Luiz In\u00e1cio Lula da Silva, quien en octubre se enfrentar\u00e1 en las urnas a Fl\u00e1vio Bolsonaro, aliado de Trump.<\/p>\n\n\n\n<p class=\"wp-block-paragraph\">Brasil, con la presidencia de Lula, y M\u00e9xico, con Claudia Sheinbaum, son los principales bastiones de la izquierda en la regi\u00f3n, que por otro lado cuenta con varios Gobiernos alineados con Trump, como los de Argentina, Chile, Colombia, Ecuador, El Salvador y Per\u00fa.<\/p>\n\n\n\n<p class=\"wp-block-paragraph\">Con informaci\u00f3n de EFE<\/p>\n\n\n\n<p class=\"wp-block-paragraph\"><\/p>\n","protected":false},"excerpt":{"rendered":"<p>EUA, 2 de Septiembre de 2026.- El presidente de Estados Unidos, Donald Trump, presumi\u00f3 haber logrado, seg\u00fan \u00e9l, gracias a su influencia, varios cambios de gobierno en pa\u00edses de Latinoam\u00e9rica que antes estaban liderados por la izquierda y que ahora se han alineado con Washington. \u201cNuestro continente realmente est\u00e1 resultando muy distinto de lo que [&hellip;]<\/p>\n","protected":false},"author":3,"featured_media":22464,"comment_status":"open","ping_status":"open","sticky":false,"template":"","format":"standard","meta":{"footnotes":""},"categories":[5,4],"tags":[],"class_list":["post-22463","post","type-post","status-publish","format-standard","has-post-thumbnail","hentry","category-internacional","category-noticias"],"_links":{"self":[{"href":"https:\/\/asisucedegto.mx\/inicio\/wp-json\/wp\/v2\/posts\/22463","targetHints":{"allow":["GET"]}}],"collection":[{"href":"https:\/\/asisucedegto.mx\/inicio\/wp-json\/wp\/v2\/posts"}],"about":[{"href":"https:\/\/asisucedegto.mx\/inicio\/wp-json\/wp\/v2\/types\/post"}],"author":[{"embeddable":true,"href":"https:\/\/asisucedegto.mx\/inicio\/wp-json\/wp\/v2\/users\/3"}],"replies":[{"embeddable":true,"href":"https:\/\/asisucedegto.mx\/inicio\/wp-json\/wp\/v2\/comments?post=22463"}],"version-history":[{"count":1,"href":"https:\/\/asisucedegto.mx\/inicio\/wp-json\/wp\/v2\/posts\/22463\/revisions"}],"predecessor-version":[{"id":22465,"href":"https:\/\/asisucedegto.mx\/inicio\/wp-json\/wp\/v2\/posts\/22463\/revisions\/22465"}],"wp:featuredmedia":[{"embeddable":true,"href":"https:\/\/asisucedegto.mx\/inicio\/wp-json\/wp\/v2\/media\/22464"}],"wp:attachment":[{"href":"https:\/\/asisucedegto.mx\/inicio\/wp-json\/wp\/v2\/media?parent=22463"}],"wp:term":[{"taxonomy":"category","embeddable":true,"href":"https:\/\/asisucedegto.mx\/inicio\/wp-json\/wp\/v2\/categories?post=22463"},{"taxonomy":"post_tag","embeddable":true,"href":"https:\/\/asisucedegto.mx\/inicio\/wp-json\/wp\/v2\/tags?post=22463"}],"curies":[{"name":"wp","href":"https:\/\/api.w.org\/{rel}","templated":true}]}}