{"id":22466,"date":"2026-09-02T23:37:49","date_gmt":"2026-09-02T23:37:49","guid":{"rendered":"https:\/\/asisucedegto.mx\/inicio\/?p=22466"},"modified":"2026-09-02T23:37:49","modified_gmt":"2026-09-02T23:37:49","slug":"sheinbaum-afirma-que-ee-uu-se-niega-a-entregar-pruebas-contra-rocha-moya","status":"publish","type":"post","link":"https:\/\/asisucedegto.mx\/inicio\/sheinbaum-afirma-que-ee-uu-se-niega-a-entregar-pruebas-contra-rocha-moya\/","title":{"rendered":"Sheinbaum afirma que EE.UU. se niega a entregar pruebas contra Rocha Moya"},"content":{"rendered":"\n<p class=\"wp-block-paragraph\">M\u00e9xico, 2 de Septiembre de 2026.- La presidenta de M\u00e9xico,\u00a0<strong>Claudia\u00a0Sheinbaum Pardo<\/strong>, detall\u00f3 que<strong>\u00a0Estados Unidos se ha negado<\/strong>\u00a0hasta el momento a entregar las\u00a0<strong>pruebas<\/strong>\u00a0en contra de quien fuera gobernador de<strong>\u00a0Sinaloa, Rub\u00e9n Rocha Moya<\/strong>, con el objetivo de concretar la\u00a0<strong>detenci\u00f3n con fines de extradici\u00f3n<\/strong>.<\/p>\n\n\n\n<p class=\"wp-block-paragraph\">En la conferencia matutina de Palacio Nacional, Sheinbaum Pardo indic\u00f3 que la respuesta de las autoridades estadounidenses ha sido que no tendr\u00edan por qu\u00e9 proporcionar evidencia adicional para sustentar su solicitud.<\/p>\n\n\n\n<blockquote class=\"wp-block-quote is-layout-flow wp-block-quote-is-layout-flow\">\n<p class=\"wp-block-paragraph\">\u201cHasta ahora,&nbsp;la respuesta de Estados Unidos ha sido que no, no tendr\u00edan por qu\u00e9, para lo que ellos pidieron, que es detenci\u00f3n urgente con fines de extradici\u00f3n, que&nbsp;no tendr\u00edan por qu\u00e9 mostrar alguna prueba adicional. Eso es lo que hasta ahora han contestado. Todav\u00eda podr\u00edan presentar alguna prueba, pero hasta ahora no\u201d, argument\u00f3.<\/p>\n<\/blockquote>\n\n\n\n<p class=\"wp-block-paragraph\">La mandataria mexicana indic\u00f3 que se deben conocer las evidencias que se tienen en contra de quien fuera gobernador de Sinaloa, se\u00f1alado por vinculados con el crimen organizado.<\/p>\n\n\n\n<p class=\"wp-block-paragraph\">\u201cSolicitan la detenci\u00f3n urgente con fines de extradici\u00f3n y no presentan pruebas. \u00bfQu\u00e9 dice M\u00e9xico? T\u00fa siempre me solicitas pruebas para estos casos, pues igual, en reciprocidad, se piden pruebas. Ese es, no hay m\u00e1s que eso\u201d, recalc\u00f3.<\/p>\n\n\n\n<p class=\"wp-block-paragraph\">El Congreso de Sinaloa aval\u00f3 el domingo 23 de agosto de 2026 la segunda solicitud de licencia del gobernador Rub\u00e9n Rocha Moya, quien pidi\u00f3 abandonar su cargo tras las cr\u00edticas de la presidenta de M\u00e9xico, Claudia Sheinbaum, relacionadas con la decisi\u00f3n de retomar el puesto, luego de haber sido acusado por supuestos nexos con el C\u00e1rtel de Sinaloa.<\/p>\n\n\n\n<p class=\"wp-block-paragraph\">Rocha Moya hab\u00eda retomado el cargo de gobernador el 21 de agosto, puesto del que se retir\u00f3 el 1 de mayo para comparecer ante la Fiscal\u00eda General de la Rep\u00fablica (FGR) por las acusaciones de Estados Unidos sobre supuestos nexos de su Gobierno con el Cartel de Sinaloa, se\u00f1alamientos que calific\u00f3 de \u201cfalsos\u201d y sin sustento.<\/p>\n\n\n\n<p class=\"wp-block-paragraph\">En menos de 34 horas y en medio de un aislamiento pol\u00edtico por parte del Morena y de la presidenta Sheinbaum Pardo, el gobernador solicit\u00f3 de nuevo la licencia para separarse de su cargo.<\/p>\n\n\n\n<p class=\"wp-block-paragraph\">\u201cSinaloa, la naci\u00f3n y el movimiento de transformaci\u00f3n est\u00e1n por encima de todo\u201d, escribi\u00f3 el pol\u00edtico sinaloense en un mensaje en redes sociales en donde anunciaba su segunda solicitud de licencia.<\/p>\n\n\n\n<p class=\"wp-block-paragraph\">Con informaci\u00f3n de L\u00f3pez-D\u00f3riga Digital<\/p>\n\n\n\n<p class=\"wp-block-paragraph\"><\/p>\n","protected":false},"excerpt":{"rendered":"<p>M\u00e9xico, 2 de Septiembre de 2026.- La presidenta de M\u00e9xico,\u00a0Claudia\u00a0Sheinbaum Pardo, detall\u00f3 que\u00a0Estados Unidos se ha negado\u00a0hasta el momento a entregar las\u00a0pruebas\u00a0en contra de quien fuera gobernador de\u00a0Sinaloa, Rub\u00e9n Rocha Moya, con el objetivo de concretar la\u00a0detenci\u00f3n con fines de extradici\u00f3n. En la conferencia matutina de Palacio Nacional, Sheinbaum Pardo indic\u00f3 que la respuesta de [&hellip;]<\/p>\n","protected":false},"author":3,"featured_media":22467,"comment_status":"open","ping_status":"open","sticky":false,"template":"","format":"standard","meta":{"footnotes":""},"categories":[13,4],"tags":[],"class_list":["post-22466","post","type-post","status-publish","format-standard","has-post-thumbnail","hentry","category-nacional","category-noticias"],"_links":{"self":[{"href":"https:\/\/asisucedegto.mx\/inicio\/wp-json\/wp\/v2\/posts\/22466","targetHints":{"allow":["GET"]}}],"collection":[{"href":"https:\/\/asisucedegto.mx\/inicio\/wp-json\/wp\/v2\/posts"}],"about":[{"href":"https:\/\/asisucedegto.mx\/inicio\/wp-json\/wp\/v2\/types\/post"}],"author":[{"embeddable":true,"href":"https:\/\/asisucedegto.mx\/inicio\/wp-json\/wp\/v2\/users\/3"}],"replies":[{"embeddable":true,"href":"https:\/\/asisucedegto.mx\/inicio\/wp-json\/wp\/v2\/comments?post=22466"}],"version-history":[{"count":1,"href":"https:\/\/asisucedegto.mx\/inicio\/wp-json\/wp\/v2\/posts\/22466\/revisions"}],"predecessor-version":[{"id":22468,"href":"https:\/\/asisucedegto.mx\/inicio\/wp-json\/wp\/v2\/posts\/22466\/revisions\/22468"}],"wp:featuredmedia":[{"embeddable":true,"href":"https:\/\/asisucedegto.mx\/inicio\/wp-json\/wp\/v2\/media\/22467"}],"wp:attachment":[{"href":"https:\/\/asisucedegto.mx\/inicio\/wp-json\/wp\/v2\/media?parent=22466"}],"wp:term":[{"taxonomy":"category","embeddable":true,"href":"https:\/\/asisucedegto.mx\/inicio\/wp-json\/wp\/v2\/categories?post=22466"},{"taxonomy":"post_tag","embeddable":true,"href":"https:\/\/asisucedegto.mx\/inicio\/wp-json\/wp\/v2\/tags?post=22466"}],"curies":[{"name":"wp","href":"https:\/\/api.w.org\/{rel}","templated":true}]}}