{"id":22473,"date":"2026-09-03T13:57:04","date_gmt":"2026-09-03T13:57:04","guid":{"rendered":"https:\/\/asisucedegto.mx\/inicio\/?p=22473"},"modified":"2026-09-03T13:57:05","modified_gmt":"2026-09-03T13:57:05","slug":"cae-el-amarillo-presunto-lider-de-celula-vinculada-con-los-rusos","status":"publish","type":"post","link":"https:\/\/asisucedegto.mx\/inicio\/cae-el-amarillo-presunto-lider-de-celula-vinculada-con-los-rusos\/","title":{"rendered":"Cae \u201cEl amarillo\u201d Presunto l\u00edder de c\u00e9lula vinculada con \u201cLos Rusos\u201d"},"content":{"rendered":"\n<p class=\"wp-block-paragraph\"><strong>Nacional., 03 de septiembre del 2026.-<\/strong> Derivado de trabajos de inteligencia e investigaci\u00f3n, en una operaci\u00f3n conjunta de la Agencia de Investigaci\u00f3n Criminal y FEMDO de <a href=\"https:\/\/x.com\/FGRMexico\">@FGRMexico<\/a>, <a href=\"https:\/\/x.com\/SSPCMexico\">@SSPCMexico<\/a> y <a href=\"https:\/\/x.com\/SEMAR_mx\">@SEMAR_mx<\/a>, con informaci\u00f3n del Centro Nacional de Inteligencia y en coordinaci\u00f3n con autoridades del estado de Puebla y Guerrero fue detenido en Lomas de Angel\u00f3polis Gov\u00e9n Ulisses N, alias \u201cEl Amarillo\u201d y\/o \u201cEl Gob\u00e9n\u201d, objetivo prioritario y presunto l\u00edder de una c\u00e9lula criminal vinculada con \u201cLos Rusos\u201d, con presencia principalmente en Acapulco, Guerrero. <br><br>Este sujeto es identificado como uno de los principales generadores de violencia de dicha organizaci\u00f3n y est\u00e1 relacionado con delitos que afectan directamente a la poblaci\u00f3n, entre ellos extorsi\u00f3n, secuestro y privaci\u00f3n ilegal de la libertad, homicidio, as\u00ed como tr\u00e1fico y distribuci\u00f3n de drogas. Junto con \u00e9l fueron detenidas dos personas que fung\u00edan como sus escoltas. Durante la operaci\u00f3n se aseguraron armas,drogas y veh\u00edculos de lujo. <br><br>De manera simult\u00e1nea contin\u00faan cateos en distintos puntos de la zona como parte de las investigaciones. Agradecemos al Gobernador de Puebla <a href=\"https:\/\/x.com\/armentapuebla_\">@armentapuebla_<\/a> y a la Gobernadora de Guerrero <a href=\"https:\/\/x.com\/EvelynSalgadoP\">@EvelynSalgadoP<\/a> todo el apoyo y la coordinaci\u00f3n brindados para el desarrollo de esta operaci\u00f3n.<\/p>\n","protected":false},"excerpt":{"rendered":"<p>Nacional., 03 de septiembre del 2026.- Derivado de trabajos de inteligencia e investigaci\u00f3n, en una operaci\u00f3n conjunta de la Agencia de Investigaci\u00f3n Criminal y FEMDO de @FGRMexico, @SSPCMexico y @SEMAR_mx, con informaci\u00f3n del Centro Nacional de Inteligencia y en coordinaci\u00f3n con autoridades del estado de Puebla y Guerrero fue detenido en Lomas de Angel\u00f3polis Gov\u00e9n [&hellip;]<\/p>\n","protected":false},"author":3,"featured_media":22474,"comment_status":"open","ping_status":"open","sticky":false,"template":"","format":"standard","meta":{"footnotes":""},"categories":[13,4,10],"tags":[],"class_list":["post-22473","post","type-post","status-publish","format-standard","has-post-thumbnail","hentry","category-nacional","category-noticias","category-seguridad"],"_links":{"self":[{"href":"https:\/\/asisucedegto.mx\/inicio\/wp-json\/wp\/v2\/posts\/22473","targetHints":{"allow":["GET"]}}],"collection":[{"href":"https:\/\/asisucedegto.mx\/inicio\/wp-json\/wp\/v2\/posts"}],"about":[{"href":"https:\/\/asisucedegto.mx\/inicio\/wp-json\/wp\/v2\/types\/post"}],"author":[{"embeddable":true,"href":"https:\/\/asisucedegto.mx\/inicio\/wp-json\/wp\/v2\/users\/3"}],"replies":[{"embeddable":true,"href":"https:\/\/asisucedegto.mx\/inicio\/wp-json\/wp\/v2\/comments?post=22473"}],"version-history":[{"count":1,"href":"https:\/\/asisucedegto.mx\/inicio\/wp-json\/wp\/v2\/posts\/22473\/revisions"}],"predecessor-version":[{"id":22475,"href":"https:\/\/asisucedegto.mx\/inicio\/wp-json\/wp\/v2\/posts\/22473\/revisions\/22475"}],"wp:featuredmedia":[{"embeddable":true,"href":"https:\/\/asisucedegto.mx\/inicio\/wp-json\/wp\/v2\/media\/22474"}],"wp:attachment":[{"href":"https:\/\/asisucedegto.mx\/inicio\/wp-json\/wp\/v2\/media?parent=22473"}],"wp:term":[{"taxonomy":"category","embeddable":true,"href":"https:\/\/asisucedegto.mx\/inicio\/wp-json\/wp\/v2\/categories?post=22473"},{"taxonomy":"post_tag","embeddable":true,"href":"https:\/\/asisucedegto.mx\/inicio\/wp-json\/wp\/v2\/tags?post=22473"}],"curies":[{"name":"wp","href":"https:\/\/api.w.org\/{rel}","templated":true}]}}